{"id":13203,"date":"2021-02-23T20:02:26","date_gmt":"2021-02-23T20:02:26","guid":{"rendered":"https:\/\/oparanews.com.br\/?p=13203"},"modified":"2021-02-23T20:02:26","modified_gmt":"2021-02-23T20:02:26","slug":"idosa-de-113-e-vacinada-contra-a-covid-19-em-arapiraca-muito-feliz","status":"publish","type":"post","link":"https:\/\/www.oparanews.com.br\/index.php\/2021\/02\/23\/idosa-de-113-e-vacinada-contra-a-covid-19-em-arapiraca-muito-feliz\/","title":{"rendered":"Idosa de 113 \u00e9 vacinada contra a Covid-19 em Arapiraca: &#8216;Muito feliz&#8217;"},"content":{"rendered":"<p>Com 113 anos, Maria Ana da Silva, moradora da Arapiraca, no Agreste de Alagoas, tem muita hist\u00f3ria para contar. Ela sobreviveu \u00e0 pandemia da gripe espanhola e agora enfrenta mais uma pandemia. L\u00facida e comunicativa, a idosa recebeu a primeira dose da vacina contra a Covid-19 na segunda-feira (22): &#8220;Nem doeu. Foi s\u00f3 uma picadinha&#8221;, disse.<\/p>\n<p>Nascida em Pernambuco, no dia 18 de dezembro de 1907, a agricultora aposentada, conhecida na regi\u00e3o como dona Ana, mora h\u00e1 70 anos em Arapiraca. Ela foi imunizada com a vacina de Oxford\/AstraZeneca, aplicada no munic\u00edpio em idosos com mais de 85 anos. Idosos com 83 e 84 anos est\u00e3o recebendo doses da CoronaVac.<\/p>\n<p>&#8220;Eu estou muito feliz em receber a vacina para n\u00e3o pegar esse v\u00edrus&#8221;, disse a idosa, emocionada.<\/p>\n<p>Os filhos e netos de dona Ana ficaram radiantes pela imuniza\u00e7\u00e3o. &#8220;N\u00f3s tamb\u00e9m ficamos muito felizes, porque ela \u00e9 do grupo de risco. Ela \u00e9 uma verdadeira guerreira&#8221;, disse a neta de dona Ana, Sandra Raquel.<\/p>\n<p>A enfermeira Gisele Miranda, da Secretaria Municipal de Sa\u00fade de Arapiraca, tamb\u00e9m se emocionou ao aplicar o imunizante na centen\u00e1ria moradora de Arapiraca.<\/p>\n<p>&#8220;Ficamos muito surpresos e felizes ao mesmo tempo, ao encontramos uma pessoa com uma idade t\u00e3o avan\u00e7ada e, acima de tudo, uma mulher forte sobrevivendo a tanta coisa que acontece nos dias atuais\u201d, afirmou.<\/p>\n<p><strong>Vacina\u00e7\u00e3o em Alagoas<\/strong><\/p>\n<p>O estado come\u00e7ou a vacinar no dia 19 de janeiro profissionais da sa\u00fade da linha de frente, idosos de institui\u00e7\u00f5es de longa perman\u00eancia e outros idosos com mais de 83 anos.<\/p>\n<p>Os dois tipos de vacina s\u00e3o aplicados em duas doses. No caso da CoronaVac, o intervalo entre uma dose e outra \u00e9 de 21 dias. J\u00e1 para a vacina de Oxford, a segunda dose deve ser aplicada em at\u00e9 12 semanas ap\u00f3s a primeira.<\/p>\n<p>Desde o dia 21 de janeiro que a vacina\u00e7\u00e3o de profissionais de sa\u00fade e de idosos que fazem parte do grupo priorit\u00e1rio est\u00e1 sendo realizada em Arapiraca. A imuniza\u00e7\u00e3o volante ocorre para os idosos que moram na zona rural ou para aqueles da zona urbana que est\u00e3o acamados ou com problemas de locomo\u00e7\u00e3o.<\/p>\n<p>&nbsp;<\/p>\n<p><strong>Fonte: G1\/AL<\/strong><\/p>\n<p>&nbsp;<\/p>\n","protected":false},"excerpt":{"rendered":"<p>Com 113 anos, Maria Ana da Silva, moradora da Arapiraca, no Agreste de Alagoas, tem muita hist\u00f3ria para contar. Ela sobreviveu \u00e0 pandemia da gripe espanhola e agora enfrenta mais uma pandemia. L\u00facida e comunicativa, a idosa recebeu a primeira dose da vacina contra a Covid-19 na segunda-feira (22): &#8220;Nem doeu. Foi s\u00f3 uma picadinha&#8221;, &hellip;<\/p>\n","protected":false},"author":1,"featured_media":13204,"comment_status":"closed","ping_status":"closed","sticky":false,"template":"","format":"standard","meta":{"_jetpack_newsletter_access":"","_jetpack_dont_email_post_to_subs":false,"_jetpack_newsletter_tier_id":0,"_jetpack_memberships_contains_paywalled_content":false,"_jetpack_memberships_contains_paid_content":false,"footnotes":""},"categories":[1],"tags":[],"class_list":["post-13203","post","type-post","status-publish","format-standard","has-post-thumbnail","hentry","category-destaque"],"jetpack_sharing_enabled":true,"jetpack_featured_media_url":"","_links":{"self":[{"href":"https:\/\/www.oparanews.com.br\/index.php\/wp-json\/wp\/v2\/posts\/13203","targetHints":{"allow":["GET"]}}],"collection":[{"href":"https:\/\/www.oparanews.com.br\/index.php\/wp-json\/wp\/v2\/posts"}],"about":[{"href":"https:\/\/www.oparanews.com.br\/index.php\/wp-json\/wp\/v2\/types\/post"}],"author":[{"embeddable":true,"href":"https:\/\/www.oparanews.com.br\/index.php\/wp-json\/wp\/v2\/users\/1"}],"replies":[{"embeddable":true,"href":"https:\/\/www.oparanews.com.br\/index.php\/wp-json\/wp\/v2\/comments?post=13203"}],"version-history":[{"count":0,"href":"https:\/\/www.oparanews.com.br\/index.php\/wp-json\/wp\/v2\/posts\/13203\/revisions"}],"wp:attachment":[{"href":"https:\/\/www.oparanews.com.br\/index.php\/wp-json\/wp\/v2\/media?parent=13203"}],"wp:term":[{"taxonomy":"category","embeddable":true,"href":"https:\/\/www.oparanews.com.br\/index.php\/wp-json\/wp\/v2\/categories?post=13203"},{"taxonomy":"post_tag","embeddable":true,"href":"https:\/\/www.oparanews.com.br\/index.php\/wp-json\/wp\/v2\/tags?post=13203"}],"curies":[{"name":"wp","href":"https:\/\/api.w.org\/{rel}","templated":true}]}}