{"id":13206,"date":"2021-02-23T20:06:17","date_gmt":"2021-02-23T20:06:17","guid":{"rendered":"https:\/\/oparanews.com.br\/?p=13206"},"modified":"2021-02-23T20:06:17","modified_gmt":"2021-02-23T20:06:17","slug":"educacao-de-penedo-realiza-busca-ativa-por-alunos-no-bairro-santo-antonio","status":"publish","type":"post","link":"https:\/\/www.oparanews.com.br\/index.php\/2021\/02\/23\/educacao-de-penedo-realiza-busca-ativa-por-alunos-no-bairro-santo-antonio\/","title":{"rendered":"Educa\u00e7\u00e3o de Penedo realiza busca ativa por alunos no Bairro Santo Ant\u00f4nio"},"content":{"rendered":"<p>Ir ao encontro dos alunos para realizar a matr\u00edcula, evitando a evas\u00e3o escolar, esse trabalho \u00e9 realizado pela Secretaria Municipal de Educa\u00e7\u00e3o de Penedo (SEMED).<\/p>\n<p>Juntos, a equipe t\u00e9cnica da SEMED e a Secret\u00e1ria Municipal de Educa\u00e7\u00e3o, Cintya Alves, percorreram as ruas do Bairro Santo Ant\u00f4nio, ouvindo os anseios das fam\u00edlias e garantindo a presen\u00e7a dos alunos na escola.<\/p>\n<p>A resid\u00eancia da jovem Patr\u00edcia dos Santos, 28 anos, m\u00e3e do pequeno Janiel e moradora da Rua Bras\u00edlia, foi uma das muitas casas visitadas nesta quinta-feira, 23.<\/p>\n<p>Ela afirma que pretendia realizar a matr\u00edcula do seu filho aluno do 5\u00ba ano do ensino fundamental da Escola Municipal de Educa\u00e7\u00e3o B\u00e1sica Douglas Apratto Ten\u00f3rio, inten\u00e7\u00e3o essa que acabou n\u00e3o se concretizando, mas que hoje seu filho Janiel est\u00e1 matriculado gra\u00e7as a esse trabalho desenvolvido pela SEMED.<\/p>\n<p>\u201cA gente ia fazer as matricula do Janiel, mas uma coisa ou outra e acabamos deixando para depois. Por isso agrade\u00e7o muito o empenho da Secretaria de Educa\u00e7\u00e3o em vim aqui no nosso bairro para fazer a matricula\u201d, explicou Patr\u00edcia.<\/p>\n<p>Outros benefici\u00e1rios pela busca ativa realizada pela SEMED Penedo s\u00e3o os filhos de Ant\u00f4nio Santos, 37 anos, trabalhador informal. Os pequenos Jardiel, Lucas e Emily, ambos alunos da EMEB Douglas Apratto Ten\u00f3rio j\u00e1 est\u00e3o com suas matriculas garantidas para o ano letivo 2021, que ter\u00e1 in\u00edcio no dia 1\u00ba de mar\u00e7o, segundo calend\u00e1rio da SEMED.<\/p>\n<p>\u201cFico muito feliz em meus filhos j\u00e1 estarem matriculados, assim eles poder\u00e3o ter a oportunidade de estudar e terem os conhecimentos necess\u00e1rios para encontrar uma profiss\u00e3o no futuro\u201d, comemorou o pai das crian\u00e7as.<\/p>\n<p><strong>SEMED Penedo<\/strong><\/p>\n<p>A partir da identifica\u00e7\u00e3o dos alunos que ainda n\u00e3o foram matriculados, as equipes da SEMED Penedo percorrem os bairros da cidade, a\u00e7\u00e3o que tamb\u00e9m ser\u00e1 estendida para a zona rural do munic\u00edpio.<\/p>\n<p>Nessa quinta-feira (25), a busca ativa ocorre para os alunos da EMEB Santa C\u00e2ndida, localizada no Povoado Palmeira Alta, zona rural de Penedo.<\/p>\n<p>A Secretaria Municipal de Educa\u00e7\u00e3o, Cintya Alves, explica que a a\u00e7\u00e3o ser\u00e1 extensiva as 29 escolas da rede municipal de educa\u00e7\u00e3o, garantindo que todos alunos matriculados para o ano 2020 renovem suas matriculas.<\/p>\n<p>\u201cA SEMED Penedo est\u00e1 pronta para receber todos os alunos e convidamos todas as comunidades a realizarem a matricula dos alunos, que permanecem abertas. Tamb\u00e9m continuaremos a fazer a busca ativa por aqueles que ainda n\u00e3o se matricularam\u201d, destacou Cintya Alves.<\/p>\n<p>&nbsp;<\/p>\n<p><strong>por Thiago Sobral &#8211; Decom\/PMP<\/strong><\/p>\n<p>&nbsp;<\/p>\n","protected":false},"excerpt":{"rendered":"<p>Ir ao encontro dos alunos para realizar a matr\u00edcula, evitando a evas\u00e3o escolar, esse trabalho \u00e9 realizado pela Secretaria Municipal de Educa\u00e7\u00e3o de Penedo (SEMED). Juntos, a equipe t\u00e9cnica da SEMED e a Secret\u00e1ria Municipal de Educa\u00e7\u00e3o, Cintya Alves, percorreram as ruas do Bairro Santo Ant\u00f4nio, ouvindo os anseios das fam\u00edlias e garantindo a presen\u00e7a &hellip;<\/p>\n","protected":false},"author":1,"featured_media":13207,"comment_status":"closed","ping_status":"closed","sticky":false,"template":"","format":"standard","meta":{"_jetpack_newsletter_access":"","_jetpack_dont_email_post_to_subs":false,"_jetpack_newsletter_tier_id":0,"_jetpack_memberships_contains_paywalled_content":false,"_jetpack_memberships_contains_paid_content":false,"footnotes":""},"categories":[1],"tags":[],"class_list":["post-13206","post","type-post","status-publish","format-standard","has-post-thumbnail","hentry","category-destaque"],"jetpack_sharing_enabled":true,"jetpack_featured_media_url":"","_links":{"self":[{"href":"https:\/\/www.oparanews.com.br\/index.php\/wp-json\/wp\/v2\/posts\/13206","targetHints":{"allow":["GET"]}}],"collection":[{"href":"https:\/\/www.oparanews.com.br\/index.php\/wp-json\/wp\/v2\/posts"}],"about":[{"href":"https:\/\/www.oparanews.com.br\/index.php\/wp-json\/wp\/v2\/types\/post"}],"author":[{"embeddable":true,"href":"https:\/\/www.oparanews.com.br\/index.php\/wp-json\/wp\/v2\/users\/1"}],"replies":[{"embeddable":true,"href":"https:\/\/www.oparanews.com.br\/index.php\/wp-json\/wp\/v2\/comments?post=13206"}],"version-history":[{"count":0,"href":"https:\/\/www.oparanews.com.br\/index.php\/wp-json\/wp\/v2\/posts\/13206\/revisions"}],"wp:attachment":[{"href":"https:\/\/www.oparanews.com.br\/index.php\/wp-json\/wp\/v2\/media?parent=13206"}],"wp:term":[{"taxonomy":"category","embeddable":true,"href":"https:\/\/www.oparanews.com.br\/index.php\/wp-json\/wp\/v2\/categories?post=13206"},{"taxonomy":"post_tag","embeddable":true,"href":"https:\/\/www.oparanews.com.br\/index.php\/wp-json\/wp\/v2\/tags?post=13206"}],"curies":[{"name":"wp","href":"https:\/\/api.w.org\/{rel}","templated":true}]}}