{"id":13209,"date":"2021-02-24T15:10:48","date_gmt":"2021-02-24T15:10:48","guid":{"rendered":"https:\/\/oparanews.com.br\/?p=13209"},"modified":"2021-02-24T15:10:48","modified_gmt":"2021-02-24T15:10:48","slug":"alagoas-vai-receber-374-mil-novas-doses-de-vacinas-contra-a-covid-19","status":"publish","type":"post","link":"https:\/\/www.oparanews.com.br\/index.php\/2021\/02\/24\/alagoas-vai-receber-374-mil-novas-doses-de-vacinas-contra-a-covid-19\/","title":{"rendered":"Alagoas vai receber 37,4 mil novas doses de vacinas contra a Covid-19"},"content":{"rendered":"<p>Alagoas vai receber 37,4 mil novas doses de vacinas contra a Covid-19. A Secretaria de Estado da Sa\u00fade (Sesau) disse nesta quarta-feira (24) que ainda n\u00e3o h\u00e1 data exata para que o Minist\u00e9rio da Sa\u00fade envie o imunizante, mas que isso deve acontecer at\u00e9 o final de fevereiro.<\/p>\n<p>Ser\u00e3o 24 mil doses da Oxford\/AstraZeneca e 13,4 mil doses da CoronaVac. A informa\u00e7\u00e3o consta em documentos obtidos pela reportagem da TV Globo. O Brasil recebeu 3,2 milh\u00f5es de doses na ter\u00e7a-feira (23).<\/p>\n<p>A Sesau antecipou que profissionais de sa\u00fade e idosos continuam sendo prioridade. Pessoas com 80, 81 e 82 anos devem entrar pela primeira vez no cronograma de vacina\u00e7\u00e3o em Alagoas.<\/p>\n<p>No documento obtido pela reportagem, consta a distribui\u00e7\u00e3o por p\u00fablico de cada tipo de vacina. As doses da CoronaVac devem ser utilizadas para imunizar 6.360 idosos com idade entre 80 e 84 anos. J\u00e1 as da Astrazeneca servir\u00e3o para imunizar 7.747 trabalhadores da sa\u00fade e 15.122 idosos com idade entre 85 e 89 anos.<\/p>\n<p>De acordo com o \u00faltimo levantamento do governo do estado, 90.303 alagoanos j\u00e1 receberam a primeira dose da vacina contra a Covid-19, entre profissionais da sa\u00fade, ind\u00edgenas e idosos com mais de 83 anos. O Estado deu in\u00edcio \u00e0 aplica\u00e7\u00e3o da segunda dose do imunizante no \u00faltimo dia 10.<\/p>\n<p><strong>Vacina\u00e7\u00e3o em Macei\u00f3<\/strong><\/p>\n<p>Mesmo sem defini\u00e7\u00e3o da quantidade de doses e da data que elas ser\u00e3o enviadas aos munic\u00edpios, o prefeito de Macei\u00f3, JHC (PSB), anunciou na ter\u00e7a (23) uma nova etapa da vacina\u00e7\u00e3o na capital.<\/p>\n<p>Ap\u00f3s a vacina\u00e7\u00e3o dos profissionais de sa\u00fade que atuam na linha de frente de combate \u00e0 pandemia e tamb\u00e9m de idosos com mais de 83 anos, o Munic\u00edpio come\u00e7ou a utilizar as 3.960 doses restantes em profissionais que n\u00e3o atuam diretamente na linha de frente.<\/p>\n<p>Nos pr\u00f3ximos dias 25 e 26, ser\u00e3o imunizados os trabalhadores do Servi\u00e7o de Atendimento Domiciliar (SAD). No dia 01 de mar\u00e7o ser\u00e1 a vez dos profissionais dos 4\u00ba, 6\u00ba e 7\u00ba Distritos Sanit\u00e1rios, dos Centros de Aten\u00e7\u00e3o Psicossocial (CAPS) e dos m\u00f3dulos odontol\u00f3gicos do munic\u00edpio.<\/p>\n<p>Na segunda (22), come\u00e7aram a ser imunizados os profissionais nas Unidades B\u00e1sicas de Sa\u00fade (UBS) dos 1\u00ba, 2\u00ba, 3\u00ba, 5\u00ba e 8\u00ba Distritos Sanit\u00e1rios.<\/p>\n<p>&nbsp;<\/p>\n<p><strong>Fonte: G1\/AL<\/strong><\/p>\n<p>&nbsp;<\/p>\n","protected":false},"excerpt":{"rendered":"<p>Alagoas vai receber 37,4 mil novas doses de vacinas contra a Covid-19. A Secretaria de Estado da Sa\u00fade (Sesau) disse nesta quarta-feira (24) que ainda n\u00e3o h\u00e1 data exata para que o Minist\u00e9rio da Sa\u00fade envie o imunizante, mas que isso deve acontecer at\u00e9 o final de fevereiro. Ser\u00e3o 24 mil doses da Oxford\/AstraZeneca e &hellip;<\/p>\n","protected":false},"author":1,"featured_media":13210,"comment_status":"closed","ping_status":"closed","sticky":false,"template":"","format":"standard","meta":{"_jetpack_newsletter_access":"","_jetpack_dont_email_post_to_subs":false,"_jetpack_newsletter_tier_id":0,"_jetpack_memberships_contains_paywalled_content":false,"_jetpack_memberships_contains_paid_content":false,"footnotes":""},"categories":[1],"tags":[],"class_list":["post-13209","post","type-post","status-publish","format-standard","has-post-thumbnail","hentry","category-destaque"],"jetpack_sharing_enabled":true,"jetpack_featured_media_url":"","_links":{"self":[{"href":"https:\/\/www.oparanews.com.br\/index.php\/wp-json\/wp\/v2\/posts\/13209","targetHints":{"allow":["GET"]}}],"collection":[{"href":"https:\/\/www.oparanews.com.br\/index.php\/wp-json\/wp\/v2\/posts"}],"about":[{"href":"https:\/\/www.oparanews.com.br\/index.php\/wp-json\/wp\/v2\/types\/post"}],"author":[{"embeddable":true,"href":"https:\/\/www.oparanews.com.br\/index.php\/wp-json\/wp\/v2\/users\/1"}],"replies":[{"embeddable":true,"href":"https:\/\/www.oparanews.com.br\/index.php\/wp-json\/wp\/v2\/comments?post=13209"}],"version-history":[{"count":0,"href":"https:\/\/www.oparanews.com.br\/index.php\/wp-json\/wp\/v2\/posts\/13209\/revisions"}],"wp:attachment":[{"href":"https:\/\/www.oparanews.com.br\/index.php\/wp-json\/wp\/v2\/media?parent=13209"}],"wp:term":[{"taxonomy":"category","embeddable":true,"href":"https:\/\/www.oparanews.com.br\/index.php\/wp-json\/wp\/v2\/categories?post=13209"},{"taxonomy":"post_tag","embeddable":true,"href":"https:\/\/www.oparanews.com.br\/index.php\/wp-json\/wp\/v2\/tags?post=13209"}],"curies":[{"name":"wp","href":"https:\/\/api.w.org\/{rel}","templated":true}]}}