{"id":13215,"date":"2021-02-24T15:17:51","date_gmt":"2021-02-24T15:17:51","guid":{"rendered":"https:\/\/oparanews.com.br\/?p=13215"},"modified":"2021-02-24T15:17:51","modified_gmt":"2021-02-24T15:17:51","slug":"rua-sao-miguel-ganha-nova-rede-de-esgotamento-sanitario","status":"publish","type":"post","link":"https:\/\/www.oparanews.com.br\/index.php\/2021\/02\/24\/rua-sao-miguel-ganha-nova-rede-de-esgotamento-sanitario\/","title":{"rendered":"Rua S\u00e3o Miguel ganha nova rede de esgotamento sanit\u00e1rio"},"content":{"rendered":"<p>Moradores da Rua S\u00e3o Miguel, localizada na parte baixa de Penedo, ter\u00e3o melhor qualidade de vida em curto espa\u00e7o de tempo. A previs\u00e3o \u00e9 que at\u00e9 a pr\u00f3xima sexta-feira, 27, toda a rede de esgotamento sanit\u00e1rio da comunidade ser\u00e1 substitu\u00edda.<\/p>\n<p>A obra realizada pela Secretaria Municipal de Servi\u00e7os P\u00fablicos (SEMSP) significa o fim do esgoto \u00e0 c\u00e9u aberto na Rua S\u00e3o Miguel. Uma das consequ\u00eancias desse avan\u00e7o promovido pelo governo Ronaldo Lopes\/Jo\u00e3o Lucas ser\u00e1 a consequente redu\u00e7\u00e3o de doen\u00e7as geradas pelo ac\u00famulo de \u00e1guas servidas e contaminadas.<\/p>\n<p>\u201cA rede da Rua S\u00e3o Miguel estava praticamente entupida, um dos motivos para essa situa\u00e7\u00e3o de esgoto domiciliar lan\u00e7ado sobre a via p\u00fablica. Por isso resolvemos substituir a tubula\u00e7\u00e3o, inclusive porque temos material na Secretaria\u201d, explica o gestor da Secretaria de Servi\u00e7os P\u00fablicos, engenheiro Ivo Moura Costa, destacando a determina\u00e7\u00e3o recebida do Prefeito Ronaldo Lopes para realizar o trabalho iniciado ontem (segunda-feira, 22).<\/p>\n<p>Para que o investimento em sa\u00fade p\u00fablica funcione a longo prazo, os moradores da Rua S\u00e3o Miguel precisam colaborar.<\/p>\n<p>O lan\u00e7amento de qualquer tipo de material pode obstruir a rede novamente, situa\u00e7\u00e3o que gera inclusive o retorno do esgoto para dentro das casas.<\/p>\n<p>Al\u00e9m da troca da tubula\u00e7\u00e3o, a Secretaria de Servi\u00e7os P\u00fablicos de Penedo est\u00e1 limpando as galerias antigas da mesma localidade, popularmente conhecida como cabar\u00e9.<\/p>\n<p>&nbsp;<\/p>\n<p><strong>Fonte: Decom PMP<\/strong><\/p>\n<p>&nbsp;<\/p>\n","protected":false},"excerpt":{"rendered":"<p>Moradores da Rua S\u00e3o Miguel, localizada na parte baixa de Penedo, ter\u00e3o melhor qualidade de vida em curto espa\u00e7o de tempo. A previs\u00e3o \u00e9 que at\u00e9 a pr\u00f3xima sexta-feira, 27, toda a rede de esgotamento sanit\u00e1rio da comunidade ser\u00e1 substitu\u00edda. A obra realizada pela Secretaria Municipal de Servi\u00e7os P\u00fablicos (SEMSP) significa o fim do esgoto &hellip;<\/p>\n","protected":false},"author":1,"featured_media":13216,"comment_status":"closed","ping_status":"closed","sticky":false,"template":"","format":"standard","meta":{"_jetpack_newsletter_access":"","_jetpack_dont_email_post_to_subs":false,"_jetpack_newsletter_tier_id":0,"_jetpack_memberships_contains_paywalled_content":false,"_jetpack_memberships_contains_paid_content":false,"footnotes":""},"categories":[1],"tags":[],"class_list":["post-13215","post","type-post","status-publish","format-standard","has-post-thumbnail","hentry","category-destaque"],"jetpack_sharing_enabled":true,"jetpack_featured_media_url":"","_links":{"self":[{"href":"https:\/\/www.oparanews.com.br\/index.php\/wp-json\/wp\/v2\/posts\/13215","targetHints":{"allow":["GET"]}}],"collection":[{"href":"https:\/\/www.oparanews.com.br\/index.php\/wp-json\/wp\/v2\/posts"}],"about":[{"href":"https:\/\/www.oparanews.com.br\/index.php\/wp-json\/wp\/v2\/types\/post"}],"author":[{"embeddable":true,"href":"https:\/\/www.oparanews.com.br\/index.php\/wp-json\/wp\/v2\/users\/1"}],"replies":[{"embeddable":true,"href":"https:\/\/www.oparanews.com.br\/index.php\/wp-json\/wp\/v2\/comments?post=13215"}],"version-history":[{"count":0,"href":"https:\/\/www.oparanews.com.br\/index.php\/wp-json\/wp\/v2\/posts\/13215\/revisions"}],"wp:attachment":[{"href":"https:\/\/www.oparanews.com.br\/index.php\/wp-json\/wp\/v2\/media?parent=13215"}],"wp:term":[{"taxonomy":"category","embeddable":true,"href":"https:\/\/www.oparanews.com.br\/index.php\/wp-json\/wp\/v2\/categories?post=13215"},{"taxonomy":"post_tag","embeddable":true,"href":"https:\/\/www.oparanews.com.br\/index.php\/wp-json\/wp\/v2\/tags?post=13215"}],"curies":[{"name":"wp","href":"https:\/\/api.w.org\/{rel}","templated":true}]}}