{"id":13218,"date":"2021-02-24T15:18:31","date_gmt":"2021-02-24T15:18:31","guid":{"rendered":"https:\/\/oparanews.com.br\/?p=13218"},"modified":"2021-02-24T15:18:31","modified_gmt":"2021-02-24T15:18:31","slug":"secretaria-de-saude-de-penedo-orienta-equipes-sobre-acolhimento-humanizado","status":"publish","type":"post","link":"https:\/\/www.oparanews.com.br\/index.php\/2021\/02\/24\/secretaria-de-saude-de-penedo-orienta-equipes-sobre-acolhimento-humanizado\/","title":{"rendered":"Secretaria de Sa\u00fade de Penedo orienta equipes sobre acolhimento humanizado"},"content":{"rendered":"<p>M\u00e9dicos, enfermeiros e t\u00e9cnicos de enfermagem foram orientados pela Coordena\u00e7\u00e3o das Unidades de Aten\u00e7\u00e3o B\u00e1sica da Secretaria Municipal de Sa\u00fade sobre ajustes nos par\u00e2metros de atendimento \u00e0 popula\u00e7\u00e3o de Penedo.<\/p>\n<p>O trabalho realizado nesta ter\u00e7a-feira, 23, abordou temas como classifica\u00e7\u00e3o de risco, estratifica\u00e7\u00e3o de risco, demanda espont\u00e2nea, guia de encaminhamento de refer\u00eancia para as especialidades e o Protocolo Assistencial do Munic\u00edpio.<\/p>\n<p>De acordo com Monike Souza, Coordenadora da Aten\u00e7\u00e3o B\u00e1sica, o objetivo \u00e9 melhorar o acolhimento aos usu\u00e1rios, priorizando os n\u00edveis de gravidade e o atendimento humanizado.<\/p>\n<p>\u201cAtender de forma humanizada e fazer com que o paciente seja atendido de forma precoce, de acordo com sua gravidade, \u00e9 o nosso maior objetivo,\u201d destacou a Coordenadora da Aten\u00e7\u00e3o B\u00e1sica.<\/p>\n<p>Monike Souza acrescentou que encontros desse tipo continuar\u00e3o a ser realizados, desde que haja necessidade de novos reajustes, visando a melhoria do atendimento oferta na rede p\u00fablica de responsabilidade da Secretaria Municipal de Sa\u00fade.<\/p>\n<p>&nbsp;<\/p>\n<p><strong>por Aline Braz (assessoria Secretaria Municipal de Sa\u00fade) &#8211; Decom\/PMP<\/strong><\/p>\n<p>&nbsp;<\/p>\n","protected":false},"excerpt":{"rendered":"<p>M\u00e9dicos, enfermeiros e t\u00e9cnicos de enfermagem foram orientados pela Coordena\u00e7\u00e3o das Unidades de Aten\u00e7\u00e3o B\u00e1sica da Secretaria Municipal de Sa\u00fade sobre ajustes nos par\u00e2metros de atendimento \u00e0 popula\u00e7\u00e3o de Penedo. O trabalho realizado nesta ter\u00e7a-feira, 23, abordou temas como classifica\u00e7\u00e3o de risco, estratifica\u00e7\u00e3o de risco, demanda espont\u00e2nea, guia de encaminhamento de refer\u00eancia para as especialidades &hellip;<\/p>\n","protected":false},"author":1,"featured_media":13219,"comment_status":"closed","ping_status":"closed","sticky":false,"template":"","format":"standard","meta":{"_jetpack_newsletter_access":"","_jetpack_dont_email_post_to_subs":false,"_jetpack_newsletter_tier_id":0,"_jetpack_memberships_contains_paywalled_content":false,"_jetpack_memberships_contains_paid_content":false,"footnotes":""},"categories":[1],"tags":[],"class_list":["post-13218","post","type-post","status-publish","format-standard","has-post-thumbnail","hentry","category-destaque"],"jetpack_sharing_enabled":true,"jetpack_featured_media_url":"","_links":{"self":[{"href":"https:\/\/www.oparanews.com.br\/index.php\/wp-json\/wp\/v2\/posts\/13218","targetHints":{"allow":["GET"]}}],"collection":[{"href":"https:\/\/www.oparanews.com.br\/index.php\/wp-json\/wp\/v2\/posts"}],"about":[{"href":"https:\/\/www.oparanews.com.br\/index.php\/wp-json\/wp\/v2\/types\/post"}],"author":[{"embeddable":true,"href":"https:\/\/www.oparanews.com.br\/index.php\/wp-json\/wp\/v2\/users\/1"}],"replies":[{"embeddable":true,"href":"https:\/\/www.oparanews.com.br\/index.php\/wp-json\/wp\/v2\/comments?post=13218"}],"version-history":[{"count":0,"href":"https:\/\/www.oparanews.com.br\/index.php\/wp-json\/wp\/v2\/posts\/13218\/revisions"}],"wp:attachment":[{"href":"https:\/\/www.oparanews.com.br\/index.php\/wp-json\/wp\/v2\/media?parent=13218"}],"wp:term":[{"taxonomy":"category","embeddable":true,"href":"https:\/\/www.oparanews.com.br\/index.php\/wp-json\/wp\/v2\/categories?post=13218"},{"taxonomy":"post_tag","embeddable":true,"href":"https:\/\/www.oparanews.com.br\/index.php\/wp-json\/wp\/v2\/tags?post=13218"}],"curies":[{"name":"wp","href":"https:\/\/api.w.org\/{rel}","templated":true}]}}