{"id":13221,"date":"2021-02-24T16:06:43","date_gmt":"2021-02-24T16:06:43","guid":{"rendered":"https:\/\/oparanews.com.br\/?p=13221"},"modified":"2021-02-24T16:06:43","modified_gmt":"2021-02-24T16:06:43","slug":"governador-pode-decretar-fechamento-se-a-taxa-de-ocupacao-subir-muito","status":"publish","type":"post","link":"https:\/\/www.oparanews.com.br\/index.php\/2021\/02\/24\/governador-pode-decretar-fechamento-se-a-taxa-de-ocupacao-subir-muito\/","title":{"rendered":"Governador pode decretar fechamento &#8216;se a taxa de ocupa\u00e7\u00e3o subir muito&#8217;"},"content":{"rendered":"<p>O governador Renan Filho (MDB) disse nesta quarta-feira (24) que Alagoas pode decretar novamente o fechamento de setores produtivos caso a taxa de ocupa\u00e7\u00e3o de leitos voltar a subir muito. A medida seria uma alternativa para evitar hospitais superlotados se a popula\u00e7\u00e3o continuar a desrespeitar medidas de preven\u00e7\u00e3o contra a dissemina\u00e7\u00e3o do coronav\u00edrus.<\/p>\n<p>&#8220;Eu tenho lutado muito para n\u00e3o fechar mais os setores produtivos do Estado, para n\u00e3o fechar a economia, mas \u00e9 fundamental que empres\u00e1rios e que o cidad\u00e3o alagoano compreendam que a gente n\u00e3o pode ver superlotados os hospitais, porque se a taxa de ocupa\u00e7\u00e3o subir muito, n\u00e3o nos restar\u00e1 outra alternativa&#8221;, alertou.<\/p>\n<p>O apelo foi feito durante uma entrevista coletiva nesta manh\u00e3, que antecedeu a assinatura da ordem de servi\u00e7o para a constru\u00e7\u00e3o da Base Descentralizada do Samu\/Corpo de Bombeiros sob o viaduto da antiga sede da Pol\u00edcia Rodovi\u00e1ria Federal (PRF), na parte alta de Macei\u00f3.<\/p>\n<p>Na ocasi\u00e3o, o governador tamb\u00e9m comentou a recente decis\u00e3o do Supremo Tribunal Federal (STF) de que Estados e Munic\u00edpios podem comprar e fornecer \u00e0 popula\u00e7\u00e3o vacinas contra a Covid-19.<\/p>\n<p>&#8220;Se tiver vacina \u00e0 venda, n\u00f3s vamos comprar. Vamos imunizar nosso povo com esfor\u00e7os financeiros pr\u00f3prios do caixa estadual alagoano&#8221;, afirmou Renan Filho.<\/p>\n<p>A permiss\u00e3o valer\u00e1 caso o governo federal n\u00e3o cumpra o Plano Nacional de Imuniza\u00e7\u00e3o ou caso as doses previstas no documento sejam insuficientes. A a\u00e7\u00e3o julgada foi apresentada pela Ordem dos Advogados do Brasil (OAB), e a decis\u00e3o do STF foi tomada de forma un\u00e2nime.<\/p>\n<p>&nbsp;<\/p>\n<p><strong>Fonte: G1\/AL<\/strong><\/p>\n<p>&nbsp;<\/p>\n","protected":false},"excerpt":{"rendered":"<p>O governador Renan Filho (MDB) disse nesta quarta-feira (24) que Alagoas pode decretar novamente o fechamento de setores produtivos caso a taxa de ocupa\u00e7\u00e3o de leitos voltar a subir muito. A medida seria uma alternativa para evitar hospitais superlotados se a popula\u00e7\u00e3o continuar a desrespeitar medidas de preven\u00e7\u00e3o contra a dissemina\u00e7\u00e3o do coronav\u00edrus. &#8220;Eu tenho &hellip;<\/p>\n","protected":false},"author":1,"featured_media":13225,"comment_status":"closed","ping_status":"closed","sticky":false,"template":"","format":"standard","meta":{"_jetpack_newsletter_access":"","_jetpack_dont_email_post_to_subs":false,"_jetpack_newsletter_tier_id":0,"_jetpack_memberships_contains_paywalled_content":false,"_jetpack_memberships_contains_paid_content":false,"footnotes":""},"categories":[1],"tags":[],"class_list":["post-13221","post","type-post","status-publish","format-standard","has-post-thumbnail","hentry","category-destaque"],"jetpack_sharing_enabled":true,"jetpack_featured_media_url":"","_links":{"self":[{"href":"https:\/\/www.oparanews.com.br\/index.php\/wp-json\/wp\/v2\/posts\/13221","targetHints":{"allow":["GET"]}}],"collection":[{"href":"https:\/\/www.oparanews.com.br\/index.php\/wp-json\/wp\/v2\/posts"}],"about":[{"href":"https:\/\/www.oparanews.com.br\/index.php\/wp-json\/wp\/v2\/types\/post"}],"author":[{"embeddable":true,"href":"https:\/\/www.oparanews.com.br\/index.php\/wp-json\/wp\/v2\/users\/1"}],"replies":[{"embeddable":true,"href":"https:\/\/www.oparanews.com.br\/index.php\/wp-json\/wp\/v2\/comments?post=13221"}],"version-history":[{"count":0,"href":"https:\/\/www.oparanews.com.br\/index.php\/wp-json\/wp\/v2\/posts\/13221\/revisions"}],"wp:attachment":[{"href":"https:\/\/www.oparanews.com.br\/index.php\/wp-json\/wp\/v2\/media?parent=13221"}],"wp:term":[{"taxonomy":"category","embeddable":true,"href":"https:\/\/www.oparanews.com.br\/index.php\/wp-json\/wp\/v2\/categories?post=13221"},{"taxonomy":"post_tag","embeddable":true,"href":"https:\/\/www.oparanews.com.br\/index.php\/wp-json\/wp\/v2\/tags?post=13221"}],"curies":[{"name":"wp","href":"https:\/\/api.w.org\/{rel}","templated":true}]}}