{"id":13229,"date":"2021-02-25T19:17:02","date_gmt":"2021-02-25T19:17:02","guid":{"rendered":"https:\/\/oparanews.com.br\/?p=13229"},"modified":"2021-02-25T19:17:02","modified_gmt":"2021-02-25T19:17:02","slug":"policia-prende-idosos-por-estupro-de-criancas-em-maceio","status":"publish","type":"post","link":"https:\/\/www.oparanews.com.br\/index.php\/2021\/02\/25\/policia-prende-idosos-por-estupro-de-criancas-em-maceio\/","title":{"rendered":"Pol\u00edcia prende idosos por estupro de crian\u00e7as em Macei\u00f3"},"content":{"rendered":"<p>Dois idosos de 64 e de 62 anos foram presos em uma opera\u00e7\u00e3o policial nesta quinta-feira (25) por estupro de crian\u00e7as em Macei\u00f3. Um deles \u00e9 pastor de igreja evang\u00e9lica. Ambos j\u00e1 tinham condena\u00e7\u00f5es, um por crime cometido em 2006 e o outro por crime em 2010.<\/p>\n<p>As pris\u00f5es n\u00e3o t\u00eam rela\u00e7\u00e3o entre si. Os crimes foram investigados em inqu\u00e9ritos distintos pela Delegacia de Crimes Contra a Crian\u00e7a e o Adolescente (DCCCA). Os nomes dos presos n\u00e3o foram divulgados.<\/p>\n<p>&#8220;O inqu\u00e9rito policial demonstrou a autoria nos dois casos. Foi solicitada a pris\u00e3o deles e a Justi\u00e7a expediu os mandados. Eles foram presos cada um na sua casa&#8221;, informou ao G1 o chefe de opera\u00e7\u00f5es da DCCCA, Alan Barbosa.<\/p>\n<p>De acordo com a delegada Adriana Gusm\u00e3o, a opera\u00e7\u00e3o tamb\u00e9m tinha como alvo um terceiro homem, mas ele est\u00e1 foragido. &#8220;N\u00f3s continuamos em dilig\u00eancias para efetuar sua pris\u00e3o&#8221;.<\/p>\n<p>Em entrevista \u00e0 TV Gazeta, a delegada deu detalhes dos crimes cometidos pelos idosos presos nesta manh\u00e3.<\/p>\n<p>&#8220;Um dos homens atra\u00eda crian\u00e7as at\u00e9 a casa dele por meio de presentes e doces, e a\u00ed abusava das v\u00edtimas. O outro chegou a ter um relacionamento com uma crian\u00e7a que na \u00e9poca tinha 12 anos e tentou fugir com ela. Os dois j\u00e1 s\u00e3o condenados pela pr\u00e1tica desses estupros&#8221;, afirmou.<\/p>\n<p>Os homens presos foram levados para realizar exame de corpo de delito no Instituto M\u00e9dico Legal (IML) de Macei\u00f3. De l\u00e1, eles s\u00e3o encaminhados para o sistema prisional.<\/p>\n<p>&nbsp;<\/p>\n<p><strong>Fonte: G1\/AL<\/strong><\/p>\n<p>&nbsp;<\/p>\n","protected":false},"excerpt":{"rendered":"<p>Dois idosos de 64 e de 62 anos foram presos em uma opera\u00e7\u00e3o policial nesta quinta-feira (25) por estupro de crian\u00e7as em Macei\u00f3. Um deles \u00e9 pastor de igreja evang\u00e9lica. Ambos j\u00e1 tinham condena\u00e7\u00f5es, um por crime cometido em 2006 e o outro por crime em 2010. As pris\u00f5es n\u00e3o t\u00eam rela\u00e7\u00e3o entre si. Os &hellip;<\/p>\n","protected":false},"author":1,"featured_media":13230,"comment_status":"closed","ping_status":"closed","sticky":false,"template":"","format":"standard","meta":{"_jetpack_newsletter_access":"","_jetpack_dont_email_post_to_subs":false,"_jetpack_newsletter_tier_id":0,"_jetpack_memberships_contains_paywalled_content":false,"_jetpack_memberships_contains_paid_content":false,"footnotes":""},"categories":[1],"tags":[],"class_list":["post-13229","post","type-post","status-publish","format-standard","has-post-thumbnail","hentry","category-destaque"],"jetpack_sharing_enabled":true,"jetpack_featured_media_url":"","_links":{"self":[{"href":"https:\/\/www.oparanews.com.br\/index.php\/wp-json\/wp\/v2\/posts\/13229","targetHints":{"allow":["GET"]}}],"collection":[{"href":"https:\/\/www.oparanews.com.br\/index.php\/wp-json\/wp\/v2\/posts"}],"about":[{"href":"https:\/\/www.oparanews.com.br\/index.php\/wp-json\/wp\/v2\/types\/post"}],"author":[{"embeddable":true,"href":"https:\/\/www.oparanews.com.br\/index.php\/wp-json\/wp\/v2\/users\/1"}],"replies":[{"embeddable":true,"href":"https:\/\/www.oparanews.com.br\/index.php\/wp-json\/wp\/v2\/comments?post=13229"}],"version-history":[{"count":0,"href":"https:\/\/www.oparanews.com.br\/index.php\/wp-json\/wp\/v2\/posts\/13229\/revisions"}],"wp:attachment":[{"href":"https:\/\/www.oparanews.com.br\/index.php\/wp-json\/wp\/v2\/media?parent=13229"}],"wp:term":[{"taxonomy":"category","embeddable":true,"href":"https:\/\/www.oparanews.com.br\/index.php\/wp-json\/wp\/v2\/categories?post=13229"},{"taxonomy":"post_tag","embeddable":true,"href":"https:\/\/www.oparanews.com.br\/index.php\/wp-json\/wp\/v2\/tags?post=13229"}],"curies":[{"name":"wp","href":"https:\/\/api.w.org\/{rel}","templated":true}]}}