{"id":13232,"date":"2021-02-25T19:19:25","date_gmt":"2021-02-25T19:19:25","guid":{"rendered":"https:\/\/oparanews.com.br\/?p=13232"},"modified":"2021-02-25T19:19:25","modified_gmt":"2021-02-25T19:19:25","slug":"baixa-vazao-do-rio-sao-francisco-compromete-crescimento-de-peixes-e-abastecimento-de-agua","status":"publish","type":"post","link":"https:\/\/www.oparanews.com.br\/index.php\/2021\/02\/25\/baixa-vazao-do-rio-sao-francisco-compromete-crescimento-de-peixes-e-abastecimento-de-agua\/","title":{"rendered":"Baixa vaz\u00e3o do Rio S\u00e3o Francisco compromete crescimento de peixes e abastecimento de \u00e1gua"},"content":{"rendered":"<p>Depois de registrar a maior cheia dos \u00faltimos sete anos, no final do ano passado, o Rio S\u00e3o Francisco est\u00e1 baixando de novo. A situa\u00e7\u00e3o j\u00e1 preocupa os ribeirinhos. \u00c9 que a vaz\u00e3o reduzida compromete o desenvolvimento dos peixes, o abastecimento de \u00e1gua e aumenta a polui\u00e7\u00e3o.<\/p>\n<p>Durante a extens\u00e3o do rio \u00e9 poss\u00edvel ver muitas pedras e pouca \u00e1gua. Cen\u00e1rio que mostra um dos rios mais importantes do pa\u00eds, agonizando de novo.<\/p>\n<p>&#8220;Quando ele t\u00e1 cheio \u00e9 bem bonito mas quando ele baixa, t\u00e1 vendo a\u00ed, s\u00f3 pedra (pra navegar fica bem complicado&#8230;) \u00e9 mais complicado, fica mais complicado, s\u00f3 quem conhece mesmo, porque quem n\u00e3o conhece nem meta as caras que vai bater em pedra&#8221;, disse o pescador Jos\u00e9 Ailson Tavares.<\/p>\n<p>Em menos de um m\u00eas, a vaz\u00e3o da represa de Xing\u00f3, entre Alagoas e Sergipe, caiu de 2.800 m\u00b3\/s, para os atuais 900 m\u00b3\/s. Quem vive da pesca est\u00e1 preocupado.<\/p>\n<p>&#8220;Se o rio continuasse cheio, como tava, na base, o peixe desova porque ele encontra \u00e1gua corrente com mais capacidade para o peixe subir e descer e a desova acontecer&#8221;, disse o pescador Josevaldo da Silva Gomes.<\/p>\n<p>Para a Ag\u00eancia Nacional de \u00c1guas (ANA) e a Companhia Hidroel\u00e9trica do S\u00e3o Francisco (Chesf), o term\u00f4metro para o controle dos vaz\u00f5es \u00e9 a represa de sobradinho, na Bahia. No fim do ano passado, Sobradinho estava com 83% da capacidade e na \u00e9poca a previs\u00e3o era de chuvas acima da m\u00e9dia em Minas e Bahia, onde est\u00e3o os principais afluentes.<\/p>\n<p>Por isso, foram autorizadas vaz\u00f5es maiores. Mas, com o n\u00edvel atual de Sobradinho em 53% da capacidade, a medida agora \u00e9 de reten\u00e7\u00e3o da \u00e1gua. Segundo o Comit\u00ea da Bacia Hidrogr\u00e1fica do S\u00e3o Francisco, essas manobras s\u00e3o mesmo necess\u00e1rias, para evitar secas ou enchentes severas.<\/p>\n<p>&#8220;Ent\u00e3o voc\u00ea tem que ter o n\u00edvel de seguran\u00e7a, para a espera, deixar os reservat\u00f3rios em determinado n\u00edvel, a espera das chuvas que est\u00e3o por vir, e voc\u00ea vai monitorando isso mensalmente, pela sala de situa\u00e7\u00f5es&#8221;, disse o vice-presidente do Comit\u00ea da Bacia Hidrogr\u00e1fica do S\u00e3o Francisco, Maciel Oliveira.<\/p>\n<p>Amostras revelaram que o rio estava contaminado com esgoto dom\u00e9stico, o que deixou a \u00e1gua impr\u00f3pria para consumo.<\/p>\n<p>Do alto d\u00e1 para ver o tamanho da ilha bem no meio do rio. Pescadores das universidades Federais de Alagoas e Sergipe, est\u00e3o coletando amostras da \u00e1gua em v\u00e1rios trechos. Eles querem saber como est\u00e1 a qualidade da \u00e1gua depois da vaz\u00e3o ter sido reduzida.<\/p>\n<p>&#8220;Para a gente avaliar cerca de 26 par\u00e2metros de qualidade de \u00e1gua e tamb\u00e9m par\u00e2metros microbiol\u00f3gicos. E depois dessa an\u00e1lise a gente vai observar se realmente, em rela\u00e7\u00e3o a dezembro que foi o \u00faltimo m\u00eas de coleta aqui, como \u00e9 que t\u00e1 realmente a condi\u00e7\u00e3o da \u00e1gua agora com essa diminui\u00e7\u00e3o da vaz\u00e3o com rela\u00e7\u00e3o \u00e0 \u00faltima coleta que foi feita aqui no rio S\u00e3o Francisco&#8221;, afirmou o pesquisador da Ufal, Emerson Soares.<\/p>\n<p>Com o rio bem mais seco, a polui\u00e7\u00e3o \u00e9 um dos muitos medos que atormentam os ribeirinhos.<\/p>\n<p>&#8220;Diminui a quantidade de \u00e1gua. Mas a polui\u00e7\u00e3o continua a mesma e vai procurando manter o rio sempre mais sujo, n\u00e9? Infelizmente, pela falta de responsabilidade de algumas pessoas de n\u00e3o ter a consci\u00eancia de preservar esse bem t\u00e3o precioso, t\u00e3o importante para a gente, para o turismo, para a agricultura, para a produ\u00e7\u00e3o de energia el\u00e9trica, para o consumo humano&#8221;, lamentou o guia de turismo Ranieri Davison da Silva.<\/p>\n<p>&nbsp;<\/p>\n<p><strong>Fonte: G1\/AL<\/strong><\/p>\n<p>&nbsp;<\/p>\n","protected":false},"excerpt":{"rendered":"<p>Depois de registrar a maior cheia dos \u00faltimos sete anos, no final do ano passado, o Rio S\u00e3o Francisco est\u00e1 baixando de novo. A situa\u00e7\u00e3o j\u00e1 preocupa os ribeirinhos. \u00c9 que a vaz\u00e3o reduzida compromete o desenvolvimento dos peixes, o abastecimento de \u00e1gua e aumenta a polui\u00e7\u00e3o. Durante a extens\u00e3o do rio \u00e9 poss\u00edvel ver &hellip;<\/p>\n","protected":false},"author":1,"featured_media":13233,"comment_status":"closed","ping_status":"closed","sticky":false,"template":"","format":"standard","meta":{"_jetpack_newsletter_access":"","_jetpack_dont_email_post_to_subs":false,"_jetpack_newsletter_tier_id":0,"_jetpack_memberships_contains_paywalled_content":false,"_jetpack_memberships_contains_paid_content":false,"footnotes":""},"categories":[1],"tags":[],"class_list":["post-13232","post","type-post","status-publish","format-standard","has-post-thumbnail","hentry","category-destaque"],"jetpack_sharing_enabled":true,"jetpack_featured_media_url":"","_links":{"self":[{"href":"https:\/\/www.oparanews.com.br\/index.php\/wp-json\/wp\/v2\/posts\/13232","targetHints":{"allow":["GET"]}}],"collection":[{"href":"https:\/\/www.oparanews.com.br\/index.php\/wp-json\/wp\/v2\/posts"}],"about":[{"href":"https:\/\/www.oparanews.com.br\/index.php\/wp-json\/wp\/v2\/types\/post"}],"author":[{"embeddable":true,"href":"https:\/\/www.oparanews.com.br\/index.php\/wp-json\/wp\/v2\/users\/1"}],"replies":[{"embeddable":true,"href":"https:\/\/www.oparanews.com.br\/index.php\/wp-json\/wp\/v2\/comments?post=13232"}],"version-history":[{"count":0,"href":"https:\/\/www.oparanews.com.br\/index.php\/wp-json\/wp\/v2\/posts\/13232\/revisions"}],"wp:attachment":[{"href":"https:\/\/www.oparanews.com.br\/index.php\/wp-json\/wp\/v2\/media?parent=13232"}],"wp:term":[{"taxonomy":"category","embeddable":true,"href":"https:\/\/www.oparanews.com.br\/index.php\/wp-json\/wp\/v2\/categories?post=13232"},{"taxonomy":"post_tag","embeddable":true,"href":"https:\/\/www.oparanews.com.br\/index.php\/wp-json\/wp\/v2\/tags?post=13232"}],"curies":[{"name":"wp","href":"https:\/\/api.w.org\/{rel}","templated":true}]}}