{"id":13235,"date":"2021-02-25T19:20:53","date_gmt":"2021-02-25T19:20:53","guid":{"rendered":"https:\/\/oparanews.com.br\/?p=13235"},"modified":"2021-02-25T19:20:53","modified_gmt":"2021-02-25T19:20:53","slug":"smtt-penedo-informa-retomada-do-transporte-coletivo-a-noite","status":"publish","type":"post","link":"https:\/\/www.oparanews.com.br\/index.php\/2021\/02\/25\/smtt-penedo-informa-retomada-do-transporte-coletivo-a-noite\/","title":{"rendered":"SMTT Penedo informa retomada do transporte coletivo \u00e0 noite"},"content":{"rendered":"<p>A Superintend\u00eancia Municipal de Transporte e Tr\u00e2nsito (SMTT) da Prefeitura de Penedo informa que as linhas urbanas do transporte coletivo voltam a circular durante a noite.<\/p>\n<p>A retomada do servi\u00e7o acontece a partir da pr\u00f3xima segunda-feira, 01 de mar\u00e7o, com sa\u00edda \u00e0s 18h30 da Linha 1, a partir do residencial Vale do S\u00e3o Francisco at\u00e9 a orla da cidade, percurso que deve ser conclu\u00eddo em meia hora.<\/p>\n<p>J\u00e1 o \u00f4nibus da Linha 2 come\u00e7a seu itiner\u00e1rio \u00e0s 18h35, saindo da Cooperativa 1\u00ba N\u00facleo. Cada coletivo circula com diferen\u00e7a de cinco minutos, a partir da sa\u00edda, ambos com previs\u00e3o de passar no ponto mais pr\u00f3ximo da Faculdade Raimundo Marinho antes das 19 horas.<\/p>\n<p>No sentido Centro Hist\u00f3rico em dire\u00e7\u00e3o \u00e0 parte alta da cidade, a SMTT autorizou tamb\u00e9m a volta do sistema Circular, a princ\u00edpio em dois hor\u00e1rios. O primeiro \u00f4nibus deixa a parte baixa de Penedo \u00e0s 19h05 e o segundo \u00e0s 22h05.<\/p>\n<p><strong>Circular<\/strong><\/p>\n<p>O percurso extenso \u00e9 feito em aproximadamente uma hora e dez minutos, saindo do Centro Hist\u00f3rico, seguido da Avenida Get\u00falio Vargas at\u00e9 a Rodovia Eng. Joaquim Gon\u00e7alves, onde toma dire\u00e7\u00e3o para Rua Jo\u00e3o Ramalho a partir da Travessa da Castro Alves, entre a sede da Codevasf e a Escola Estadual Comendador Jos\u00e9 da Silva Peixoto.<\/p>\n<p>O Circular segue da Rua Jo\u00e3o Ramalho at\u00e9 o Gabriel, retorna pela Rua Nova, passa em frente \u00e0 Igreja de Santa Luzia e atravessa a Avenida Wanderley, em dire\u00e7\u00e3o \u00e0 Rua da Aurora.<\/p>\n<p>De volta a Av. Eng. Joaquim Gon\u00e7alves, o \u00f4nibus segue pela rodovia e toma o sentido da Vila Matias pela Avenida S\u00e3o Lu\u00eds (esquina da Loja Dismoto), at\u00e9 alcan\u00e7ar o bairro Raimundo Marinho, onde est\u00e3o situados os residenciais de moradia popular Cidade do Povo, Mata Atl\u00e2ntica, Nilo Menezes, Vale do Marituba, Marisa Let\u00edcia e Vale do S\u00e3o Francisco.<\/p>\n<p>Feito esse trajeto, a linha segue em dire\u00e7\u00e3o ao Conjunto Rosete Andrade e conclui o percurso no ponto final do bairro Dom Constantino, o maior de Penedo.<\/p>\n<p>O retorno do Circular segue o itiner\u00e1rio semelhante ao da Linha 1, sendo que entra no bairro Santa Luzia, at\u00e9 o Gabriel, tomando sentido para a parte baixa da cidade pela Rua Jo\u00e3o Ramalho.<\/p>\n<p>A SMTT Penedo ressalta que a retomada do transporte coletivo \u00e0 noite \u2013 seja para sua amplia\u00e7\u00e3o ou volta da suspens\u00e3o \u2013 depende da demanda de passageiros e da viabilidade de sua manuten\u00e7\u00e3o para os permission\u00e1rios do servi\u00e7o.<\/p>\n<p>&nbsp;<\/p>\n<p><strong>Fonte: Decom &#8211; PMP<\/strong><\/p>\n<p>&nbsp;<\/p>\n","protected":false},"excerpt":{"rendered":"<p>A Superintend\u00eancia Municipal de Transporte e Tr\u00e2nsito (SMTT) da Prefeitura de Penedo informa que as linhas urbanas do transporte coletivo voltam a circular durante a noite. A retomada do servi\u00e7o acontece a partir da pr\u00f3xima segunda-feira, 01 de mar\u00e7o, com sa\u00edda \u00e0s 18h30 da Linha 1, a partir do residencial Vale do S\u00e3o Francisco at\u00e9 &hellip;<\/p>\n","protected":false},"author":1,"featured_media":13236,"comment_status":"closed","ping_status":"closed","sticky":false,"template":"","format":"standard","meta":{"_jetpack_newsletter_access":"","_jetpack_dont_email_post_to_subs":false,"_jetpack_newsletter_tier_id":0,"_jetpack_memberships_contains_paywalled_content":false,"_jetpack_memberships_contains_paid_content":false,"footnotes":""},"categories":[1],"tags":[],"class_list":["post-13235","post","type-post","status-publish","format-standard","has-post-thumbnail","hentry","category-destaque"],"jetpack_sharing_enabled":true,"jetpack_featured_media_url":"","_links":{"self":[{"href":"https:\/\/www.oparanews.com.br\/index.php\/wp-json\/wp\/v2\/posts\/13235","targetHints":{"allow":["GET"]}}],"collection":[{"href":"https:\/\/www.oparanews.com.br\/index.php\/wp-json\/wp\/v2\/posts"}],"about":[{"href":"https:\/\/www.oparanews.com.br\/index.php\/wp-json\/wp\/v2\/types\/post"}],"author":[{"embeddable":true,"href":"https:\/\/www.oparanews.com.br\/index.php\/wp-json\/wp\/v2\/users\/1"}],"replies":[{"embeddable":true,"href":"https:\/\/www.oparanews.com.br\/index.php\/wp-json\/wp\/v2\/comments?post=13235"}],"version-history":[{"count":0,"href":"https:\/\/www.oparanews.com.br\/index.php\/wp-json\/wp\/v2\/posts\/13235\/revisions"}],"wp:attachment":[{"href":"https:\/\/www.oparanews.com.br\/index.php\/wp-json\/wp\/v2\/media?parent=13235"}],"wp:term":[{"taxonomy":"category","embeddable":true,"href":"https:\/\/www.oparanews.com.br\/index.php\/wp-json\/wp\/v2\/categories?post=13235"},{"taxonomy":"post_tag","embeddable":true,"href":"https:\/\/www.oparanews.com.br\/index.php\/wp-json\/wp\/v2\/tags?post=13235"}],"curies":[{"name":"wp","href":"https:\/\/api.w.org\/{rel}","templated":true}]}}