{"id":13238,"date":"2021-02-25T19:23:57","date_gmt":"2021-02-25T19:23:57","guid":{"rendered":"https:\/\/oparanews.com.br\/?p=13238"},"modified":"2021-02-25T19:23:57","modified_gmt":"2021-02-25T19:23:57","slug":"secretaria-de-educacao-de-penedo-divulga-inicio-das-aulas","status":"publish","type":"post","link":"https:\/\/www.oparanews.com.br\/index.php\/2021\/02\/25\/secretaria-de-educacao-de-penedo-divulga-inicio-das-aulas\/","title":{"rendered":"Secretaria de Educa\u00e7\u00e3o de Penedo divulga in\u00edcio das aulas"},"content":{"rendered":"<p>O ano letivo 2021 da Secretaria de Educa\u00e7\u00e3o de Penedo j\u00e1 tem data definida para come\u00e7ar. Os alunos retomam o aprendizado na pr\u00f3xima segunda-feira, dia 1\u00ba de mar\u00e7o.<\/p>\n<p><a href=\"https:\/\/oparanews.com.br\/wp-content\/uploads\/2021\/02\/Sem-t\u00edtulo-212.jpg\"><img loading=\"lazy\" decoding=\"async\" class=\"alignleft size-medium wp-image-13239\" src=\"https:\/\/oparanews.com.br\/wp-content\/uploads\/2021\/02\/Sem-t\u00edtulo-212-254x300.jpg\" alt=\"\" width=\"254\" height=\"300\" \/><\/a>A data est\u00e1 inserida no calend\u00e1rio anual elaborado pela Secretaria Municipal de Educa\u00e7\u00e3o (Semed), mantido o sistema online de ensino\/aprendizagem adotado por conta da pandemia da Covid-19.<\/p>\n<p>De acordo com a Secret\u00e1ria de Educa\u00e7\u00e3o C\u00edntya Alves, as aulas seguem provisoriamente nesse formato remoto, at\u00e9 que seja poss\u00edvel a retomada do sistema presencial.<\/p>\n<p>\u201cPedimos aos pais ou respons\u00e1veis que n\u00e3o deixem seus filhos fora da escola, \u00e9 muito importante que renovem a matr\u00edcula, at\u00e9 mesmo para o retorno das aulas presenciais que poder\u00e1 ocorrer a qualquer momento, a depender da evolu\u00e7\u00e3o da pandemia em nosso munic\u00edpio\u201d, informa a gestora da Semed Penedo.<\/p>\n<p>C\u00edntya Alves destaca que n\u00e3o haver\u00e1 preju\u00edzo para o aprendizado dos alunos, j\u00e1 que a Semed oferece apoio pedag\u00f3gico, inclusive refor\u00e7o escolar durante as aulas remotas e tamb\u00e9m quando as aulas retornarem para o modelo tradicional.<\/p>\n<p>Monitores da Semed acompanhar\u00e3o os alunos durante o ano letivo, dando suporte tamb\u00e9m aqueles que n\u00e3o tem acesso \u00e0 internet, com a entrega dos assuntos trabalhados em sala de aula.<\/p>\n<p><strong>Matr\u00edculas<\/strong><\/p>\n<p>As matr\u00edculas para o ano letivo 2021 seguem abertas, devendo os pais ou respons\u00e1veis procurar uma das 29 unidades de ensino do munic\u00edpio.<\/p>\n<p>No ato da matr\u00edcula dever\u00e1 ser apresentado a declara\u00e7\u00e3o de transfer\u00eancia ou hist\u00f3rico escolar, caso venha de outra escola, e foto 3 \u00d7 4.<\/p>\n<p>Tamb\u00e9m \u00e9 preciso levar c\u00f3pia dos seguintes documentos: CPF (do estudante e do respons\u00e1vel), certid\u00e3o de nascimento, Cart\u00e3o SUS, NIS (Bolsa Fam\u00edlia), cart\u00e3o de vacinas, comprovante de resid\u00eancia atualizado e c\u00f3pia do RG (carteira de identidade) do respons\u00e1vel pelo estudante.<\/p>\n<p>Al\u00e9m disso, a Semed Penedo segue realizando a busca ativa por alunos que n\u00e3o foram matriculados. A iniciativa j\u00e1 ocorreu no Bairro Santo Ant\u00f4nio, popular Barro Vermelho e nesta quinta-feira (25) ser\u00e1 realizada no Povoado Palmeira Alta, zona rural do munic\u00edpio.<\/p>\n<p>&nbsp;<\/p>\n<p><strong>Fonte: Decom &#8211; PMP<\/strong><\/p>\n<p>&nbsp;<\/p>\n","protected":false},"excerpt":{"rendered":"<p>O ano letivo 2021 da Secretaria de Educa\u00e7\u00e3o de Penedo j\u00e1 tem data definida para come\u00e7ar. Os alunos retomam o aprendizado na pr\u00f3xima segunda-feira, dia 1\u00ba de mar\u00e7o. A data est\u00e1 inserida no calend\u00e1rio anual elaborado pela Secretaria Municipal de Educa\u00e7\u00e3o (Semed), mantido o sistema online de ensino\/aprendizagem adotado por conta da pandemia da Covid-19. &hellip;<\/p>\n","protected":false},"author":1,"featured_media":13240,"comment_status":"closed","ping_status":"closed","sticky":false,"template":"","format":"standard","meta":{"_jetpack_newsletter_access":"","_jetpack_dont_email_post_to_subs":false,"_jetpack_newsletter_tier_id":0,"_jetpack_memberships_contains_paywalled_content":false,"_jetpack_memberships_contains_paid_content":false,"footnotes":""},"categories":[1],"tags":[],"class_list":["post-13238","post","type-post","status-publish","format-standard","has-post-thumbnail","hentry","category-destaque"],"jetpack_sharing_enabled":true,"jetpack_featured_media_url":"","_links":{"self":[{"href":"https:\/\/www.oparanews.com.br\/index.php\/wp-json\/wp\/v2\/posts\/13238","targetHints":{"allow":["GET"]}}],"collection":[{"href":"https:\/\/www.oparanews.com.br\/index.php\/wp-json\/wp\/v2\/posts"}],"about":[{"href":"https:\/\/www.oparanews.com.br\/index.php\/wp-json\/wp\/v2\/types\/post"}],"author":[{"embeddable":true,"href":"https:\/\/www.oparanews.com.br\/index.php\/wp-json\/wp\/v2\/users\/1"}],"replies":[{"embeddable":true,"href":"https:\/\/www.oparanews.com.br\/index.php\/wp-json\/wp\/v2\/comments?post=13238"}],"version-history":[{"count":0,"href":"https:\/\/www.oparanews.com.br\/index.php\/wp-json\/wp\/v2\/posts\/13238\/revisions"}],"wp:attachment":[{"href":"https:\/\/www.oparanews.com.br\/index.php\/wp-json\/wp\/v2\/media?parent=13238"}],"wp:term":[{"taxonomy":"category","embeddable":true,"href":"https:\/\/www.oparanews.com.br\/index.php\/wp-json\/wp\/v2\/categories?post=13238"},{"taxonomy":"post_tag","embeddable":true,"href":"https:\/\/www.oparanews.com.br\/index.php\/wp-json\/wp\/v2\/tags?post=13238"}],"curies":[{"name":"wp","href":"https:\/\/api.w.org\/{rel}","templated":true}]}}