{"id":13245,"date":"2021-02-25T19:27:02","date_gmt":"2021-02-25T19:27:02","guid":{"rendered":"https:\/\/oparanews.com.br\/?p=13245"},"modified":"2021-02-25T19:27:02","modified_gmt":"2021-02-25T19:27:02","slug":"sport-acerta-renovacao-com-jair-ventura-ate-o-fim-de-2021","status":"publish","type":"post","link":"https:\/\/www.oparanews.com.br\/index.php\/2021\/02\/25\/sport-acerta-renovacao-com-jair-ventura-ate-o-fim-de-2021\/","title":{"rendered":"Sport acerta renova\u00e7\u00e3o com Jair Ventura at\u00e9 o fim de 2021"},"content":{"rendered":"<p>Confirmado na S\u00e9rie A do Brasileiro 2021, o Sport tem a primeira renova\u00e7\u00e3o de contrato acertada para a pr\u00f3xima temporada: trata-se do t\u00e9cnico Jair Ventura. Depois de comandar a equipe na campanha pela perman\u00eancia na elite, o treinador renovou o v\u00ednculo na Ilha do Retiro por mais um ano &#8211; at\u00e9 dezembro. A informa\u00e7\u00e3o foi confirmada pelo diretor de futebol do clube, Fred Domingos.<\/p>\n<p>Nos bastidores do clube, a previs\u00e3o \u00e9 de que o an\u00fancio aconte\u00e7a na sexta-feira, ap\u00f3s a \u00faltima partida v\u00e1lida pelo Campeonato Brasileiro 2020. O Rubro-negro enfrenta o Athletico, \u00e0s 21h30 da quinta-feira, na Arena da Baixada. Agora, al\u00e9m da S\u00e9rie A 2021, o treinador tamb\u00e9m comandar\u00e1 a equipe no Pernambucano, Copa do Nordeste e Copa do Brasil.<\/p>\n<p>Nas \u00faltimas semanas, o pr\u00f3prio t\u00e9cnico &#8211; embora tenha o costume de medir palavras &#8211; havia deixado claro o desejo de seguir no clube. Na ocasi\u00e3o, ele chegou inclusive a afirmar que a defini\u00e7\u00e3o estava com a diretoria. Ao longo da temporada, Jair Ventura recebeu propostas de outros equipes &#8211; como por exemplo, o Bahia -, mas optou por permanecer no Le\u00e3o.<\/p>\n<p>Contratado na sexta rodada da S\u00e9rie A sob o desafio de salvar o Sport do rebaixamento, o treinador comandou a equipe na campanha pela perman\u00eancia e ainda briga pela classifica\u00e7\u00e3o \u00e0 Sul-Americana deste ano. Basta vencer o Athletico na quinta-feira, ou torcer por trope\u00e7os de Fortaleza e Bahia.<\/p>\n<p>Com Jair Ventura, o Rubro-negro est\u00e1 em 14\u00ba lugar na tabela e muda a rota da temporada depois de estrear no Brasileiro 2020 como candidato \u00e0 queda. Isso porque, naquela \u00e9poca, o time havia brigado para n\u00e3o cair no Estadual e ainda convivia com dificuldades financeiras.<\/p>\n<p>Ao longo da campanha na S\u00e9rie A, o treinador precisou se reinventar ao perder sete jogadores do elenco &#8211; sendo tr\u00eas deles quando n\u00e3o havia mais possibilidade de inscrever atletas. Caso de Leandro Barcia (lesionado), Lucas Mugni e Jonatan G\u00f3mez (que decidiram sair). Apesar disso, o time tem agora 39,5% de aproveitamento com o treinador: s\u00e3o 11 vit\u00f3rias, cinco empates e 16 derrotas.<\/p>\n<p>&nbsp;<\/p>\n<p><strong>Fonte: GE<\/strong><\/p>\n<p>&nbsp;<\/p>\n","protected":false},"excerpt":{"rendered":"<p>Confirmado na S\u00e9rie A do Brasileiro 2021, o Sport tem a primeira renova\u00e7\u00e3o de contrato acertada para a pr\u00f3xima temporada: trata-se do t\u00e9cnico Jair Ventura. Depois de comandar a equipe na campanha pela perman\u00eancia na elite, o treinador renovou o v\u00ednculo na Ilha do Retiro por mais um ano &#8211; at\u00e9 dezembro. A informa\u00e7\u00e3o foi &hellip;<\/p>\n","protected":false},"author":1,"featured_media":13246,"comment_status":"closed","ping_status":"closed","sticky":false,"template":"","format":"standard","meta":{"_jetpack_newsletter_access":"","_jetpack_dont_email_post_to_subs":false,"_jetpack_newsletter_tier_id":0,"_jetpack_memberships_contains_paywalled_content":false,"_jetpack_memberships_contains_paid_content":false,"footnotes":""},"categories":[1],"tags":[],"class_list":["post-13245","post","type-post","status-publish","format-standard","has-post-thumbnail","hentry","category-destaque"],"jetpack_sharing_enabled":true,"jetpack_featured_media_url":"","_links":{"self":[{"href":"https:\/\/www.oparanews.com.br\/index.php\/wp-json\/wp\/v2\/posts\/13245","targetHints":{"allow":["GET"]}}],"collection":[{"href":"https:\/\/www.oparanews.com.br\/index.php\/wp-json\/wp\/v2\/posts"}],"about":[{"href":"https:\/\/www.oparanews.com.br\/index.php\/wp-json\/wp\/v2\/types\/post"}],"author":[{"embeddable":true,"href":"https:\/\/www.oparanews.com.br\/index.php\/wp-json\/wp\/v2\/users\/1"}],"replies":[{"embeddable":true,"href":"https:\/\/www.oparanews.com.br\/index.php\/wp-json\/wp\/v2\/comments?post=13245"}],"version-history":[{"count":0,"href":"https:\/\/www.oparanews.com.br\/index.php\/wp-json\/wp\/v2\/posts\/13245\/revisions"}],"wp:attachment":[{"href":"https:\/\/www.oparanews.com.br\/index.php\/wp-json\/wp\/v2\/media?parent=13245"}],"wp:term":[{"taxonomy":"category","embeddable":true,"href":"https:\/\/www.oparanews.com.br\/index.php\/wp-json\/wp\/v2\/categories?post=13245"},{"taxonomy":"post_tag","embeddable":true,"href":"https:\/\/www.oparanews.com.br\/index.php\/wp-json\/wp\/v2\/tags?post=13245"}],"curies":[{"name":"wp","href":"https:\/\/api.w.org\/{rel}","templated":true}]}}