{"id":13251,"date":"2021-02-25T19:31:33","date_gmt":"2021-02-25T19:31:33","guid":{"rendered":"https:\/\/oparanews.com.br\/?p=13251"},"modified":"2021-02-25T19:31:33","modified_gmt":"2021-02-25T19:31:33","slug":"estamos-entrando-em-colapso-diz-secretario-de-saude-de-sc","status":"publish","type":"post","link":"https:\/\/www.oparanews.com.br\/index.php\/2021\/02\/25\/estamos-entrando-em-colapso-diz-secretario-de-saude-de-sc\/","title":{"rendered":"&#8216;Estamos entrando em colapso&#8217;, diz secret\u00e1rio de Sa\u00fade de SC"},"content":{"rendered":"<p>O secret\u00e1rio da Sa\u00fade de Santa Catarina, Andr\u00e9 Motta, admitiu que o estado est\u00e1 enfrentando um colapso na sa\u00fade por causa do coronav\u00edrus. Na quarta-feira (24), os hospitais atingiram a maior taxa de ocupa\u00e7\u00e3o de leitos de Unidade de Terapia Intensiva (UTI) geral e Covid do Sistema \u00danico de Sa\u00fade (SUS) em toda a pandemia: 91,18%. No in\u00edcio da tarde desta quinta (25), 83 pacientes aguardavam por leitos de UTI, segundo dados internos da Secretaria de Estado da Sa\u00fade (SES) que o G1 teve acesso.<\/p>\n<p>O estado publicou na noite de quarta um decreto com novas restri\u00e7\u00f5es em Santa Catarina validas por 15 dias a partir desta quinta (25). Em mensagem enviada aos prefeitos catarinenses, Motta pediu medidas mais restritivas para diminuir a circula\u00e7\u00e3o de pessoas.<\/p>\n<p>&#8220;Preciso informar a todos que a situa\u00e7\u00e3o da pandemia deteriorou no Estado todo e, a exemplo do que acontece nas regi\u00f5es mais a Oeste, estamos entrando em colapso! Todos os esfor\u00e7os de Estado e munic\u00edpios, at\u00e9 ent\u00e3o, s\u00e3o insuficientes em face \u00e0 brutalidade da doen\u00e7a. Infelizmente, percebesse fen\u00f4meno similar no resto do pa\u00eds, disse Motta.<\/p>\n<p>Desde mar\u00e7o, ao menos 652,8 mil pessoas tiveram diagn\u00f3stico positivo de coronav\u00edrus e 7,1 mil desses infectados morreram. Na ter\u00e7a-feira (22), o governo estadual encaminhou pedido de apoio ao Minist\u00e9rio da Sa\u00fade por causa da possibilidade de faltar rem\u00e9dios de &#8216;kit intuba\u00e7\u00e3o&#8217;. Os estoques s\u00e3o insuficientes em muitos hospitais.<\/p>\n<p>&nbsp;<\/p>\n<p><strong>Fonte: G1<\/strong><\/p>\n<p>&nbsp;<\/p>\n","protected":false},"excerpt":{"rendered":"<p>O secret\u00e1rio da Sa\u00fade de Santa Catarina, Andr\u00e9 Motta, admitiu que o estado est\u00e1 enfrentando um colapso na sa\u00fade por causa do coronav\u00edrus. Na quarta-feira (24), os hospitais atingiram a maior taxa de ocupa\u00e7\u00e3o de leitos de Unidade de Terapia Intensiva (UTI) geral e Covid do Sistema \u00danico de Sa\u00fade (SUS) em toda a pandemia: &hellip;<\/p>\n","protected":false},"author":1,"featured_media":13252,"comment_status":"closed","ping_status":"closed","sticky":false,"template":"","format":"standard","meta":{"_jetpack_newsletter_access":"","_jetpack_dont_email_post_to_subs":false,"_jetpack_newsletter_tier_id":0,"_jetpack_memberships_contains_paywalled_content":false,"_jetpack_memberships_contains_paid_content":false,"footnotes":""},"categories":[1],"tags":[],"class_list":["post-13251","post","type-post","status-publish","format-standard","has-post-thumbnail","hentry","category-destaque"],"jetpack_sharing_enabled":true,"jetpack_featured_media_url":"","_links":{"self":[{"href":"https:\/\/www.oparanews.com.br\/index.php\/wp-json\/wp\/v2\/posts\/13251","targetHints":{"allow":["GET"]}}],"collection":[{"href":"https:\/\/www.oparanews.com.br\/index.php\/wp-json\/wp\/v2\/posts"}],"about":[{"href":"https:\/\/www.oparanews.com.br\/index.php\/wp-json\/wp\/v2\/types\/post"}],"author":[{"embeddable":true,"href":"https:\/\/www.oparanews.com.br\/index.php\/wp-json\/wp\/v2\/users\/1"}],"replies":[{"embeddable":true,"href":"https:\/\/www.oparanews.com.br\/index.php\/wp-json\/wp\/v2\/comments?post=13251"}],"version-history":[{"count":0,"href":"https:\/\/www.oparanews.com.br\/index.php\/wp-json\/wp\/v2\/posts\/13251\/revisions"}],"wp:attachment":[{"href":"https:\/\/www.oparanews.com.br\/index.php\/wp-json\/wp\/v2\/media?parent=13251"}],"wp:term":[{"taxonomy":"category","embeddable":true,"href":"https:\/\/www.oparanews.com.br\/index.php\/wp-json\/wp\/v2\/categories?post=13251"},{"taxonomy":"post_tag","embeddable":true,"href":"https:\/\/www.oparanews.com.br\/index.php\/wp-json\/wp\/v2\/tags?post=13251"}],"curies":[{"name":"wp","href":"https:\/\/api.w.org\/{rel}","templated":true}]}}