{"id":13254,"date":"2021-02-25T19:42:17","date_gmt":"2021-02-25T19:42:17","guid":{"rendered":"https:\/\/oparanews.com.br\/?p=13254"},"modified":"2021-02-25T19:42:17","modified_gmt":"2021-02-25T19:42:17","slug":"bbb21-globo-nega-caso-de-covid-19-no-reality-show","status":"publish","type":"post","link":"https:\/\/www.oparanews.com.br\/index.php\/2021\/02\/25\/bbb21-globo-nega-caso-de-covid-19-no-reality-show\/","title":{"rendered":"&#8216;BBB21&#8217;: Globo nega caso de covid-19 no reality show"},"content":{"rendered":"<p>Os telespectadores do Big Brother Brasil 21 levantaram a suspeita de surto de covid-19 na casa. Na tarde desta segunda-feira, 22, Caio Afiune relatou que n\u00e3o est\u00e1 sentindo gosto da comida, um dos sintomas mais caracter\u00edsticos da doen\u00e7a. Os internautas tamb\u00e9m notaram que Camilla de Lucas est\u00e1 com tosse seca e pode ter se contaminado. No dia seguinte, Carla Diaz relatou que tamb\u00e9m estava com dificuldade de sentir cheiro. A assessoria da Rede Globo enviou uma declara\u00e7\u00e3o ao Estad\u00e3o negando que haja casos de coronav\u00edrus na casa.<\/p>\n<p>&#8220;Por precau\u00e7\u00e3o e seguindo o protocolo de seguran\u00e7a, todos foram testados na manh\u00e3 de quarta-feira, algo que j\u00e1 aconteceu anteriormente e pode se repetir, garantindo que a rotina de cuidados e protocolos preventivos ao COVID-19 sejam respeitados. Todos os resultados apontaram que os participantes negativaram para a presen\u00e7a de Covid 19. Lembramos que os brothers seguem sendo acompanhados pela equipe m\u00e9dica do programa durante todo o confinamento&#8221;, esclareceu a assessoria.<\/p>\n<p>O goiano se machucou na Prova do L\u00edder e foi atendido pela equipe m\u00e9dica do programa na quinta-feira, 18. Diagnosticado com uma fratura no quinto metatarso do p\u00e9 esquerdo, est\u00e1 tomando rem\u00e9dios para seguir no programa.<\/p>\n<p>Caio estava na cozinha com Fiuk, que preparava um frango, e pediu para o brother provar. &#8220;Eu t\u00f4 tomando muito rem\u00e9dio, j\u00e1 n\u00e3o sinto gosto de nada. A textura do frango est\u00e1 linda, eu sinto gosto, mas muito pouco&#8221;, confessou. &#8220;Eu n\u00e3o ia falar nada, mas a boca est\u00e1 amargando, tudo amarga. Mas o frango deve estar muito bom, suculento&#8221;.<\/p>\n<p>Al\u00e9m do fazendeiro, Arthur Picoli tamb\u00e9m se machucou na Prova do L\u00edder. Na segunda parte da tarefa, o capixaba deslocou o ombro e teve de ser atendido pela equipe socorrista.<\/p>\n<p>Nas redes sociais, o p\u00fablico se mostrou preocupado com os participantes diante da pandemia que j\u00e1 matou quase 250 mil pessoas no Brasil. O apresentador Tiago Leifert j\u00e1 declarou diversas vezes que o programa est\u00e1 seguindo as regras de seguran\u00e7a para preven\u00e7\u00e3o da covid-19. Nesta edi\u00e7\u00e3o, os participantes ficaram isolados antes da entrada na casa para garantir que ningu\u00e9m estivesse doente.<\/p>\n<p>&nbsp;<\/p>\n<p><strong>Fonte: Terra<\/strong><\/p>\n<p>&nbsp;<\/p>\n","protected":false},"excerpt":{"rendered":"<p>Os telespectadores do Big Brother Brasil 21 levantaram a suspeita de surto de covid-19 na casa. Na tarde desta segunda-feira, 22, Caio Afiune relatou que n\u00e3o est\u00e1 sentindo gosto da comida, um dos sintomas mais caracter\u00edsticos da doen\u00e7a. Os internautas tamb\u00e9m notaram que Camilla de Lucas est\u00e1 com tosse seca e pode ter se contaminado. &hellip;<\/p>\n","protected":false},"author":1,"featured_media":13255,"comment_status":"closed","ping_status":"closed","sticky":false,"template":"","format":"standard","meta":{"_jetpack_newsletter_access":"","_jetpack_dont_email_post_to_subs":false,"_jetpack_newsletter_tier_id":0,"_jetpack_memberships_contains_paywalled_content":false,"_jetpack_memberships_contains_paid_content":false,"footnotes":""},"categories":[1],"tags":[],"class_list":["post-13254","post","type-post","status-publish","format-standard","has-post-thumbnail","hentry","category-destaque"],"jetpack_sharing_enabled":true,"jetpack_featured_media_url":"","_links":{"self":[{"href":"https:\/\/www.oparanews.com.br\/index.php\/wp-json\/wp\/v2\/posts\/13254","targetHints":{"allow":["GET"]}}],"collection":[{"href":"https:\/\/www.oparanews.com.br\/index.php\/wp-json\/wp\/v2\/posts"}],"about":[{"href":"https:\/\/www.oparanews.com.br\/index.php\/wp-json\/wp\/v2\/types\/post"}],"author":[{"embeddable":true,"href":"https:\/\/www.oparanews.com.br\/index.php\/wp-json\/wp\/v2\/users\/1"}],"replies":[{"embeddable":true,"href":"https:\/\/www.oparanews.com.br\/index.php\/wp-json\/wp\/v2\/comments?post=13254"}],"version-history":[{"count":0,"href":"https:\/\/www.oparanews.com.br\/index.php\/wp-json\/wp\/v2\/posts\/13254\/revisions"}],"wp:attachment":[{"href":"https:\/\/www.oparanews.com.br\/index.php\/wp-json\/wp\/v2\/media?parent=13254"}],"wp:term":[{"taxonomy":"category","embeddable":true,"href":"https:\/\/www.oparanews.com.br\/index.php\/wp-json\/wp\/v2\/categories?post=13254"},{"taxonomy":"post_tag","embeddable":true,"href":"https:\/\/www.oparanews.com.br\/index.php\/wp-json\/wp\/v2\/tags?post=13254"}],"curies":[{"name":"wp","href":"https:\/\/api.w.org\/{rel}","templated":true}]}}