{"id":13257,"date":"2021-02-25T19:46:59","date_gmt":"2021-02-25T19:46:59","guid":{"rendered":"https:\/\/oparanews.com.br\/?p=13257"},"modified":"2021-02-25T19:46:59","modified_gmt":"2021-02-25T19:46:59","slug":"senado-aprova-projeto-para-facilitar-compra-de-vacina","status":"publish","type":"post","link":"https:\/\/www.oparanews.com.br\/index.php\/2021\/02\/25\/senado-aprova-projeto-para-facilitar-compra-de-vacina\/","title":{"rendered":"Senado aprova projeto para facilitar compra de vacina"},"content":{"rendered":"<p>O Senado aprovou na noite desta quarta-feira, 24, projeto de lei que prev\u00ea que o poder p\u00fablico poder\u00e1 se responsabilizar pelos efeitos da vacina\u00e7\u00e3o, conforme exigido pelas farmac\u00eauticas Pfizer e Janssen para vender doses ao Pa\u00eds \u2013 medida criticada pelo presidente Jair Bolsonaro. O texto ainda autoriza a compra de imunizantes pela iniciativa privada e vai agora para an\u00e1lise da C\u00e2mara, antes de ir \u00e0 san\u00e7\u00e3o presidencial.<\/p>\n<p>De autoria do presidente da Casa, Rodrigo Pacheco (DEM-MG), a proposta define que empresas privadas poder\u00e3o adquirir diretamente vacinas contra a covid-19 que tenham autoriza\u00e7\u00e3o da Ag\u00eancia Nacional de Vigil\u00e2ncia Sanit\u00e1ria (Anvisa), desde que sejam integralmente doadas ao Sistema \u00danico de Sa\u00fade (SUS). Somente ap\u00f3s a vacina\u00e7\u00e3o dos grupos priorit\u00e1rios pelo setor p\u00fablico, as empresas poder\u00e3o usar as doses, mas ter\u00e3o de aplicar gratuitamente e ainda doar metade para o SUS.<\/p>\n<p>De acordo com o texto aprovado pelos senadores, as vacinas ser\u00e3o compradas pela Uni\u00e3o. Os Estados e munic\u00edpios, nesse caso, poder\u00e3o fazer a aquisi\u00e7\u00e3o se as compras do Executivo federal n\u00e3o forem suficientes para atender ao plano nacional de vacina\u00e7\u00e3o. A medida alinha o projeto de lei \u00e0 decis\u00e3o recente do Supremo Tribunal Federal (STF), que deu aval para governos estaduais e municipais comprarem as doses.<\/p>\n<p>O projeto tamb\u00e9m autoriza a Uni\u00e3o, os Estados e os munic\u00edpios a adquirir vacinas e a assumir os riscos referentes \u00e0 responsabilidade civil em rela\u00e7\u00e3o a eventos adversos p\u00f3s-vacina\u00e7\u00e3o. A inten\u00e7\u00e3o \u00e9 acelerar a compra de laborat\u00f3rios que exigem esse tipo de cl\u00e1usula contratual, como Pfizer e Janssen. O poder p\u00fablico poder\u00e1 constituir garantias ou contratar seguro privado para a cobertura desses riscos.<\/p>\n<p>&nbsp;<\/p>\n<p><strong>Fonte: ISTO\u00c9<\/strong><\/p>\n<p>&nbsp;<\/p>\n","protected":false},"excerpt":{"rendered":"<p>O Senado aprovou na noite desta quarta-feira, 24, projeto de lei que prev\u00ea que o poder p\u00fablico poder\u00e1 se responsabilizar pelos efeitos da vacina\u00e7\u00e3o, conforme exigido pelas farmac\u00eauticas Pfizer e Janssen para vender doses ao Pa\u00eds \u2013 medida criticada pelo presidente Jair Bolsonaro. O texto ainda autoriza a compra de imunizantes pela iniciativa privada e &hellip;<\/p>\n","protected":false},"author":1,"featured_media":13258,"comment_status":"closed","ping_status":"closed","sticky":false,"template":"","format":"standard","meta":{"_jetpack_newsletter_access":"","_jetpack_dont_email_post_to_subs":false,"_jetpack_newsletter_tier_id":0,"_jetpack_memberships_contains_paywalled_content":false,"_jetpack_memberships_contains_paid_content":false,"footnotes":""},"categories":[1],"tags":[],"class_list":["post-13257","post","type-post","status-publish","format-standard","has-post-thumbnail","hentry","category-destaque"],"jetpack_sharing_enabled":true,"jetpack_featured_media_url":"","_links":{"self":[{"href":"https:\/\/www.oparanews.com.br\/index.php\/wp-json\/wp\/v2\/posts\/13257","targetHints":{"allow":["GET"]}}],"collection":[{"href":"https:\/\/www.oparanews.com.br\/index.php\/wp-json\/wp\/v2\/posts"}],"about":[{"href":"https:\/\/www.oparanews.com.br\/index.php\/wp-json\/wp\/v2\/types\/post"}],"author":[{"embeddable":true,"href":"https:\/\/www.oparanews.com.br\/index.php\/wp-json\/wp\/v2\/users\/1"}],"replies":[{"embeddable":true,"href":"https:\/\/www.oparanews.com.br\/index.php\/wp-json\/wp\/v2\/comments?post=13257"}],"version-history":[{"count":0,"href":"https:\/\/www.oparanews.com.br\/index.php\/wp-json\/wp\/v2\/posts\/13257\/revisions"}],"wp:attachment":[{"href":"https:\/\/www.oparanews.com.br\/index.php\/wp-json\/wp\/v2\/media?parent=13257"}],"wp:term":[{"taxonomy":"category","embeddable":true,"href":"https:\/\/www.oparanews.com.br\/index.php\/wp-json\/wp\/v2\/categories?post=13257"},{"taxonomy":"post_tag","embeddable":true,"href":"https:\/\/www.oparanews.com.br\/index.php\/wp-json\/wp\/v2\/tags?post=13257"}],"curies":[{"name":"wp","href":"https:\/\/api.w.org\/{rel}","templated":true}]}}