{"id":13260,"date":"2021-02-25T19:50:29","date_gmt":"2021-02-25T19:50:29","guid":{"rendered":"https:\/\/oparanews.com.br\/?p=13260"},"modified":"2021-02-25T19:50:29","modified_gmt":"2021-02-25T19:50:29","slug":"sp-vai-negociar-compra-de-vacina-com-laboratorios","status":"publish","type":"post","link":"https:\/\/www.oparanews.com.br\/index.php\/2021\/02\/25\/sp-vai-negociar-compra-de-vacina-com-laboratorios\/","title":{"rendered":"SP vai negociar compra de vacina com laborat\u00f3rios"},"content":{"rendered":"<p>O secret\u00e1rio municipal da Sa\u00fade de S\u00e3o Paulo, Edson Aparecido, declarou nesta quinta-feira, 25, que foi autorizado pelo prefeito, Bruno Covas (PSDB), a iniciar as negocia\u00e7\u00f5es de compra de vacinas contra a covid-19 com laborat\u00f3rios. Nesta semana, uma decis\u00e3o do Supremo Tribunal Federal (STF) j\u00e1 havia aberto essa possibilidade, medida que tamb\u00e9m foi aprovada por unanimidade pelos vereadores paulistanos.<\/p>\n<p>Segundo ele, o foco estar\u00e1 nos imunizantes que n\u00e3o est\u00e3o atualmente em aplica\u00e7\u00e3o pelo Plano Nacional de Imuniza\u00e7\u00e3o, desde que sejam autorizados pela Anvisa (Ag\u00eancia Nacional de Vigil\u00e2ncia Sanit\u00e1ria). O \u00fanico imunizante que teve registro aprovado no Pa\u00eds e que, por enquanto, n\u00e3o est\u00e1 na campanha nacional \u00e9 o da Pfizer.<\/p>\n<p>&#8220;Obviamente, n\u00f3s precisamos aguardar a aprova\u00e7\u00e3o e a libera\u00e7\u00e3o de novas vacinas e laborat\u00f3rios que est\u00e3o em an\u00e1lise pela Anvisa. Com essas duas autoriza\u00e7\u00f5es (do STF e da C\u00e2mara) e com a amplia\u00e7\u00e3o da possibilidade de novos laborat\u00f3rios, de novas vacinas, a secretaria municipal j\u00e1 foi autorizada pelo prefeito Bruno Covas de iniciarmos, ent\u00e3o, negocia\u00e7\u00f5es com esses laborat\u00f3rios que eventualmente tiverem as suas vacinas aprovadas pela Anvisa&#8221;, afirmou Aparecido em coletiva de imprensa sobre a amplia\u00e7\u00e3o da campanha de vacina\u00e7\u00e3o na cidade para idosos de 80 a 84 anos.<\/p>\n<p>Na quarta-feira, 25, a C\u00e2mara de S\u00e3o Paulo aprovou uma emenda que permite que a Prefeitura compre vacinas, independentemente do plano federal,&#8221;havendo oferta insuficiente ou a destempo de vacinas contra a covid-19 pela Uni\u00e3o&#8221; e desde que sejam autorizadas no Brasil. E ainda permite que, &#8220;no caso de a Anvisa descumprir o prazo legal de aprova\u00e7\u00e3o, o Poder Executivo Municipal poder\u00e1 adquirir imunizantes j\u00e1 aprovados por ag\u00eancias reguladoras internacionais&#8221;. A emenda \u00e9 de autoria do vereador Antonio Donato (PT).<\/p>\n<p>A decis\u00e3o dos vereadores foi elogiada pelo prefeito. &#8220;Foi uma ideia dos vereadores e vereadoras que foi acolhida pelo executivo municipal&#8221;, disse. Covas tamb\u00e9m agradeceu a aprova\u00e7\u00e3o do pagamento do aux\u00edlio emergencial municipal por mais tr\u00eas meses, cujas parcelas est\u00e3o previstas para mar\u00e7o, abril e maio.<\/p>\n<p>&#8220;Agrade\u00e7o, mais uma vez, \u00e0 C\u00e2mara Municipal por ter correspondido \u00e0 solicita\u00e7ao do Executivo no enfrentamento a uma pandemia, que n\u00e3o \u00e9 uma quest\u00e3o de governo ou oposi\u00e7\u00e3o, de direita ou esquerda. \u00c9 uma quest\u00e3o de necessidade, de juntar todas as for\u00e7as pol\u00edticas para enfrentar esse grande desafio.&#8221;<\/p>\n<p>No caso da libera\u00e7\u00e3o feita pelo STF, na ter\u00e7a-feira, 23, a compra de vacinas contra a covid-19 \u00e9 permitida para Estados e munic\u00edpios caso as doses ofertadas pelo Minist\u00e9rio da Sa\u00fade sejam insuficientes para atender a popula\u00e7\u00e3o local. O julgamento confirmou uma liminar do ministro Ricardo Lewandowski, que j\u00e1 havia dado aval para a compra em dezembro do ano passado.<\/p>\n<p>A decis\u00e3o tamb\u00e9m permite a aquisi\u00e7\u00e3o de vacinas autorizadas para distribui\u00e7\u00e3o comercial por autoridades sanit\u00e1rias dos Estados Unidos, Europa, China ou Jap\u00e3o, mas somente caso a Anvisa n\u00e3o se manifeste sobre a libera\u00e7\u00e3o em 72 horas.<\/p>\n<p>&nbsp;<\/p>\n<p><strong>Fonte: Terra<\/strong><\/p>\n<p>&nbsp;<\/p>\n","protected":false},"excerpt":{"rendered":"<p>O secret\u00e1rio municipal da Sa\u00fade de S\u00e3o Paulo, Edson Aparecido, declarou nesta quinta-feira, 25, que foi autorizado pelo prefeito, Bruno Covas (PSDB), a iniciar as negocia\u00e7\u00f5es de compra de vacinas contra a covid-19 com laborat\u00f3rios. Nesta semana, uma decis\u00e3o do Supremo Tribunal Federal (STF) j\u00e1 havia aberto essa possibilidade, medida que tamb\u00e9m foi aprovada por &hellip;<\/p>\n","protected":false},"author":1,"featured_media":13261,"comment_status":"closed","ping_status":"closed","sticky":false,"template":"","format":"standard","meta":{"_jetpack_newsletter_access":"","_jetpack_dont_email_post_to_subs":false,"_jetpack_newsletter_tier_id":0,"_jetpack_memberships_contains_paywalled_content":false,"_jetpack_memberships_contains_paid_content":false,"footnotes":""},"categories":[1],"tags":[],"class_list":["post-13260","post","type-post","status-publish","format-standard","has-post-thumbnail","hentry","category-destaque"],"jetpack_sharing_enabled":true,"jetpack_featured_media_url":"","_links":{"self":[{"href":"https:\/\/www.oparanews.com.br\/index.php\/wp-json\/wp\/v2\/posts\/13260","targetHints":{"allow":["GET"]}}],"collection":[{"href":"https:\/\/www.oparanews.com.br\/index.php\/wp-json\/wp\/v2\/posts"}],"about":[{"href":"https:\/\/www.oparanews.com.br\/index.php\/wp-json\/wp\/v2\/types\/post"}],"author":[{"embeddable":true,"href":"https:\/\/www.oparanews.com.br\/index.php\/wp-json\/wp\/v2\/users\/1"}],"replies":[{"embeddable":true,"href":"https:\/\/www.oparanews.com.br\/index.php\/wp-json\/wp\/v2\/comments?post=13260"}],"version-history":[{"count":0,"href":"https:\/\/www.oparanews.com.br\/index.php\/wp-json\/wp\/v2\/posts\/13260\/revisions"}],"wp:attachment":[{"href":"https:\/\/www.oparanews.com.br\/index.php\/wp-json\/wp\/v2\/media?parent=13260"}],"wp:term":[{"taxonomy":"category","embeddable":true,"href":"https:\/\/www.oparanews.com.br\/index.php\/wp-json\/wp\/v2\/categories?post=13260"},{"taxonomy":"post_tag","embeddable":true,"href":"https:\/\/www.oparanews.com.br\/index.php\/wp-json\/wp\/v2\/tags?post=13260"}],"curies":[{"name":"wp","href":"https:\/\/api.w.org\/{rel}","templated":true}]}}