{"id":13266,"date":"2021-02-26T11:39:31","date_gmt":"2021-02-26T11:39:31","guid":{"rendered":"https:\/\/oparanews.com.br\/?p=13266"},"modified":"2021-02-26T11:39:31","modified_gmt":"2021-02-26T11:39:31","slug":"flamengo-perde-para-o-sao-paulo-mas-conquista-o-brasileirao","status":"publish","type":"post","link":"https:\/\/www.oparanews.com.br\/index.php\/2021\/02\/26\/flamengo-perde-para-o-sao-paulo-mas-conquista-o-brasileirao\/","title":{"rendered":"Flamengo perde para o S\u00e3o Paulo, mas conquista o Brasileir\u00e3o"},"content":{"rendered":"<p>Foram 90 minutos, al\u00e9m dos acr\u00e9scimos, de tens\u00e3o, muita disputa em campo, e, ao apito final, muito al\u00edvio para S\u00e3o Paulo e Flamengo no Morumbi. Com a vit\u00f3ria por 2 a 1, o Tricolor garantiu a vaga direta na fase de grupos da Copa Libertadores. O Rubro-Negro, que contou com o trope\u00e7o do Internacional, conquistou o Bi do Brasileir\u00e3o . Agora, o time da G\u00e1vea \u00e9 octacampe\u00e3o nacional!<\/p>\n<p>A conquista do bicampeonato do Brasileiro, que confirma a nova era de t\u00edtulos deste Flamengo, poderia ter sido menos dram\u00e1tica. A equipe de Rog\u00e9rio Ceni dependia apenas de uma vit\u00f3ria, mas a atua\u00e7\u00e3o no Morumbi ficou aqu\u00e9m do n\u00edvel apresentado nas \u00faltimas rodadas. Ao apito final da partidas em S\u00e3o Paulo e Porto Alegre, pela 38\u00aa rodada nada disso importou. A festa foi rubro-negra.<\/p>\n<p>O S\u00e3o Paulo tamb\u00e9m teve motivos para comemorar. A vit\u00f3ria sobre o campe\u00e3o d\u00e1 ao Tricolor um novo \u00e2nimo para a pr\u00f3xima temporada, al\u00e9m de garantir um tempo maior de prepara\u00e7\u00e3o para o novo t\u00e9cnico Hern\u00e1n Crespo, uma vez que o time &#8220;fugiu&#8221; das primeiras fases da Liberadores, com vaga na fase de grupos.<\/p>\n<p>&nbsp;<\/p>\n<p><strong>Fonte: iG<\/strong><\/p>\n<p>&nbsp;<\/p>\n","protected":false},"excerpt":{"rendered":"<p>Foram 90 minutos, al\u00e9m dos acr\u00e9scimos, de tens\u00e3o, muita disputa em campo, e, ao apito final, muito al\u00edvio para S\u00e3o Paulo e Flamengo no Morumbi. Com a vit\u00f3ria por 2 a 1, o Tricolor garantiu a vaga direta na fase de grupos da Copa Libertadores. O Rubro-Negro, que contou com o trope\u00e7o do Internacional, conquistou &hellip;<\/p>\n","protected":false},"author":1,"featured_media":13267,"comment_status":"closed","ping_status":"closed","sticky":false,"template":"","format":"standard","meta":{"_jetpack_newsletter_access":"","_jetpack_dont_email_post_to_subs":false,"_jetpack_newsletter_tier_id":0,"_jetpack_memberships_contains_paywalled_content":false,"_jetpack_memberships_contains_paid_content":false,"footnotes":""},"categories":[1],"tags":[],"class_list":["post-13266","post","type-post","status-publish","format-standard","has-post-thumbnail","hentry","category-destaque"],"jetpack_sharing_enabled":true,"jetpack_featured_media_url":"","_links":{"self":[{"href":"https:\/\/www.oparanews.com.br\/index.php\/wp-json\/wp\/v2\/posts\/13266","targetHints":{"allow":["GET"]}}],"collection":[{"href":"https:\/\/www.oparanews.com.br\/index.php\/wp-json\/wp\/v2\/posts"}],"about":[{"href":"https:\/\/www.oparanews.com.br\/index.php\/wp-json\/wp\/v2\/types\/post"}],"author":[{"embeddable":true,"href":"https:\/\/www.oparanews.com.br\/index.php\/wp-json\/wp\/v2\/users\/1"}],"replies":[{"embeddable":true,"href":"https:\/\/www.oparanews.com.br\/index.php\/wp-json\/wp\/v2\/comments?post=13266"}],"version-history":[{"count":0,"href":"https:\/\/www.oparanews.com.br\/index.php\/wp-json\/wp\/v2\/posts\/13266\/revisions"}],"wp:attachment":[{"href":"https:\/\/www.oparanews.com.br\/index.php\/wp-json\/wp\/v2\/media?parent=13266"}],"wp:term":[{"taxonomy":"category","embeddable":true,"href":"https:\/\/www.oparanews.com.br\/index.php\/wp-json\/wp\/v2\/categories?post=13266"},{"taxonomy":"post_tag","embeddable":true,"href":"https:\/\/www.oparanews.com.br\/index.php\/wp-json\/wp\/v2\/tags?post=13266"}],"curies":[{"name":"wp","href":"https:\/\/api.w.org\/{rel}","templated":true}]}}