{"id":13275,"date":"2021-02-26T11:53:43","date_gmt":"2021-02-26T11:53:43","guid":{"rendered":"https:\/\/oparanews.com.br\/?p=13275"},"modified":"2021-02-26T11:53:43","modified_gmt":"2021-02-26T11:53:43","slug":"presidente-do-inep-alexandre-lopes-e-exonerado","status":"publish","type":"post","link":"https:\/\/www.oparanews.com.br\/index.php\/2021\/02\/26\/presidente-do-inep-alexandre-lopes-e-exonerado\/","title":{"rendered":"Presidente do Inep, Alexandre Lopes \u00e9 exonerado"},"content":{"rendered":"<p>O atual presidente do Instituto Nacional de Estudos e Pesquisas Educacionais An\u00edsio Teixeira (Inep), Alexandre Ribeiro Pereira Lopes, foi exonerado na madrugada desta sexta-feira, 26. A demiss\u00e3o, oficializada em edi\u00e7\u00e3o do Di\u00e1rio Oficial da Uni\u00e3o, traz a assinatura do ministro da Casa Civil, Walter Souza Braga Netto. Um substituto n\u00e3o foi nomeado.<\/p>\n<p>Lopes assumiu em maio de 2019 ao ficar no lugar do ex-delegado da Pol\u00edcia Federal Elmer Coelho Vicenzi &#8211; que foi demitido.<\/p>\n<p>&nbsp;<\/p>\n<p><strong>Fonte: Terra<\/strong><\/p>\n<p>&nbsp;<\/p>\n","protected":false},"excerpt":{"rendered":"<p>O atual presidente do Instituto Nacional de Estudos e Pesquisas Educacionais An\u00edsio Teixeira (Inep), Alexandre Ribeiro Pereira Lopes, foi exonerado na madrugada desta sexta-feira, 26. A demiss\u00e3o, oficializada em edi\u00e7\u00e3o do Di\u00e1rio Oficial da Uni\u00e3o, traz a assinatura do ministro da Casa Civil, Walter Souza Braga Netto. Um substituto n\u00e3o foi nomeado. Lopes assumiu em &hellip;<\/p>\n","protected":false},"author":1,"featured_media":13276,"comment_status":"closed","ping_status":"closed","sticky":false,"template":"","format":"standard","meta":{"_jetpack_newsletter_access":"","_jetpack_dont_email_post_to_subs":false,"_jetpack_newsletter_tier_id":0,"_jetpack_memberships_contains_paywalled_content":false,"_jetpack_memberships_contains_paid_content":false,"footnotes":""},"categories":[1],"tags":[],"class_list":["post-13275","post","type-post","status-publish","format-standard","has-post-thumbnail","hentry","category-destaque"],"jetpack_sharing_enabled":true,"jetpack_featured_media_url":"","_links":{"self":[{"href":"https:\/\/www.oparanews.com.br\/index.php\/wp-json\/wp\/v2\/posts\/13275","targetHints":{"allow":["GET"]}}],"collection":[{"href":"https:\/\/www.oparanews.com.br\/index.php\/wp-json\/wp\/v2\/posts"}],"about":[{"href":"https:\/\/www.oparanews.com.br\/index.php\/wp-json\/wp\/v2\/types\/post"}],"author":[{"embeddable":true,"href":"https:\/\/www.oparanews.com.br\/index.php\/wp-json\/wp\/v2\/users\/1"}],"replies":[{"embeddable":true,"href":"https:\/\/www.oparanews.com.br\/index.php\/wp-json\/wp\/v2\/comments?post=13275"}],"version-history":[{"count":0,"href":"https:\/\/www.oparanews.com.br\/index.php\/wp-json\/wp\/v2\/posts\/13275\/revisions"}],"wp:attachment":[{"href":"https:\/\/www.oparanews.com.br\/index.php\/wp-json\/wp\/v2\/media?parent=13275"}],"wp:term":[{"taxonomy":"category","embeddable":true,"href":"https:\/\/www.oparanews.com.br\/index.php\/wp-json\/wp\/v2\/categories?post=13275"},{"taxonomy":"post_tag","embeddable":true,"href":"https:\/\/www.oparanews.com.br\/index.php\/wp-json\/wp\/v2\/tags?post=13275"}],"curies":[{"name":"wp","href":"https:\/\/api.w.org\/{rel}","templated":true}]}}