{"id":13281,"date":"2021-02-26T11:59:52","date_gmt":"2021-02-26T11:59:52","guid":{"rendered":"https:\/\/oparanews.com.br\/?p=13281"},"modified":"2021-02-26T11:59:52","modified_gmt":"2021-02-26T11:59:52","slug":"mais-de-duas-mil-pessoas-estao-recuperadas-da-covid-19-em-penedo","status":"publish","type":"post","link":"https:\/\/www.oparanews.com.br\/index.php\/2021\/02\/26\/mais-de-duas-mil-pessoas-estao-recuperadas-da-covid-19-em-penedo\/","title":{"rendered":"Mais de duas mil pessoas est\u00e3o recuperadas da Covid-19 em Penedo"},"content":{"rendered":"<p>A Secretaria Municipal de Sa\u00fade (SEMS), divulgou nesta quinta-feira (25), o Boletim Epidemiol\u00f3gico atualizado sobre a pandemia de Covid-19 no munic\u00edpio.<\/p>\n<p>De acordo com o novo Boletim Epidemiol\u00f3gico, em Penedo foram confirmados 2180 casos. Desse total, 2082 pessoas se recuperaram da doen\u00e7a ap\u00f3s passarem pelos cuidados m\u00e9dicos.<\/p>\n<p><a href=\"https:\/\/oparanews.com.br\/wp-content\/uploads\/2021\/02\/Sem-t\u00edtulo-227.jpg\"><img loading=\"lazy\" decoding=\"async\" class=\"aligncenter size-full wp-image-13282\" src=\"https:\/\/oparanews.com.br\/wp-content\/uploads\/2021\/02\/Sem-t\u00edtulo-227.jpg\" alt=\"\" width=\"1168\" height=\"758\" \/><\/a><\/p>\n<p>Al\u00e9m disso, 44 pessoas est\u00e3o sendo monitoradas, com 03 casos sendo considerados suspeitos.<\/p>\n<p>Os n\u00fameros recentes tamb\u00e9m indicam que 2033 casos foram descartados ap\u00f3s constatado n\u00e3o serem Covid-19 e 25 pessoas morreram em raz\u00e3o da doen\u00e7a provocada pelo novo coronav\u00edrus.<\/p>\n<p>Unidade de Refer\u00eancia em S\u00edndromes Gripais<\/p>\n<p>Na Unidade de Refer\u00eancia em S\u00edndromes Gripais durante esta quinta-feira (25), ocorreram 58 atendimentos, com a realiza\u00e7\u00e3o de 19 testes r\u00e1pidos, que resultaram em 6 diagn\u00f3sticos positivos e 13 negativos.<\/p>\n<p>A Prefeitura de Penedo informa tamb\u00e9m que a Unidade de S\u00edndromes Gripais localizada na Avenida Wanderlei, nas proximidades do trevo da \u201cToca do \u00cdndio\u201d, est\u00e1 funcionando de Segunda a Sexta-feira das 7h \u00e0s 17h. Devendo a popula\u00e7\u00e3o procurar o centro especializado ao sentir os primeiros sintomas de Covid-19.<\/p>\n<p>Tamb\u00e9m alerta a popula\u00e7\u00e3o penedense para a import\u00e2ncia da manuten\u00e7\u00e3o do distanciamento social como medida preventiva, da mesma forma que o uso de m\u00e1scaras e a ado\u00e7\u00e3o de medidas de higiene, a exemplo de lavar corretamente as m\u00e3os e utilizar \u00e1lcool 70%.<\/p>\n<p><strong>Casos por localidades<\/strong><\/p>\n<p>O Boletim Epidemiol\u00f3gico desta quinta-feira (25), tamb\u00e9m mostra o n\u00famero de casos por localidade.<\/p>\n<p>Na frente da contabiliza\u00e7\u00e3o est\u00e1 o Bairro Dom Constantino com 701 casos, situa\u00e7\u00e3o que se mant\u00e9m desde o in\u00edcio da pandemia. Logo em seguida est\u00e1 o Bairro Santa Luzia com 384 e o Centro da cidade com 327.<\/p>\n<p>Na zona rural de Penedo, o povoado com maior n\u00famero de casos \u00e9 a Cooperativa, \u00e1rea que inclui os dois n\u00facleos do povoamento com 57 casos, estando logo atr\u00e1s o Tabuleiro dos Negros com 54 casos.<\/p>\n<p>&nbsp;<\/p>\n<p><strong>Fonte: Decom &#8211; PMP<\/strong><\/p>\n<p>&nbsp;<\/p>\n","protected":false},"excerpt":{"rendered":"<p>A Secretaria Municipal de Sa\u00fade (SEMS), divulgou nesta quinta-feira (25), o Boletim Epidemiol\u00f3gico atualizado sobre a pandemia de Covid-19 no munic\u00edpio. De acordo com o novo Boletim Epidemiol\u00f3gico, em Penedo foram confirmados 2180 casos. Desse total, 2082 pessoas se recuperaram da doen\u00e7a ap\u00f3s passarem pelos cuidados m\u00e9dicos. Al\u00e9m disso, 44 pessoas est\u00e3o sendo monitoradas, com &hellip;<\/p>\n","protected":false},"author":1,"featured_media":10326,"comment_status":"closed","ping_status":"closed","sticky":false,"template":"","format":"standard","meta":{"_jetpack_newsletter_access":"","_jetpack_dont_email_post_to_subs":false,"_jetpack_newsletter_tier_id":0,"_jetpack_memberships_contains_paywalled_content":false,"_jetpack_memberships_contains_paid_content":false,"footnotes":""},"categories":[1],"tags":[],"class_list":["post-13281","post","type-post","status-publish","format-standard","has-post-thumbnail","hentry","category-destaque"],"jetpack_sharing_enabled":true,"jetpack_featured_media_url":"","_links":{"self":[{"href":"https:\/\/www.oparanews.com.br\/index.php\/wp-json\/wp\/v2\/posts\/13281","targetHints":{"allow":["GET"]}}],"collection":[{"href":"https:\/\/www.oparanews.com.br\/index.php\/wp-json\/wp\/v2\/posts"}],"about":[{"href":"https:\/\/www.oparanews.com.br\/index.php\/wp-json\/wp\/v2\/types\/post"}],"author":[{"embeddable":true,"href":"https:\/\/www.oparanews.com.br\/index.php\/wp-json\/wp\/v2\/users\/1"}],"replies":[{"embeddable":true,"href":"https:\/\/www.oparanews.com.br\/index.php\/wp-json\/wp\/v2\/comments?post=13281"}],"version-history":[{"count":0,"href":"https:\/\/www.oparanews.com.br\/index.php\/wp-json\/wp\/v2\/posts\/13281\/revisions"}],"wp:attachment":[{"href":"https:\/\/www.oparanews.com.br\/index.php\/wp-json\/wp\/v2\/media?parent=13281"}],"wp:term":[{"taxonomy":"category","embeddable":true,"href":"https:\/\/www.oparanews.com.br\/index.php\/wp-json\/wp\/v2\/categories?post=13281"},{"taxonomy":"post_tag","embeddable":true,"href":"https:\/\/www.oparanews.com.br\/index.php\/wp-json\/wp\/v2\/tags?post=13281"}],"curies":[{"name":"wp","href":"https:\/\/api.w.org\/{rel}","templated":true}]}}