{"id":13284,"date":"2021-02-26T23:59:36","date_gmt":"2021-02-26T23:59:36","guid":{"rendered":"https:\/\/oparanews.com.br\/?p=13284"},"modified":"2021-02-26T23:59:36","modified_gmt":"2021-02-26T23:59:36","slug":"alagoas-registra-666-novos-casos-e-mais-10-mortes-por-covid-19","status":"publish","type":"post","link":"https:\/\/www.oparanews.com.br\/index.php\/2021\/02\/26\/alagoas-registra-666-novos-casos-e-mais-10-mortes-por-covid-19\/","title":{"rendered":"Alagoas registra 666 novos casos e mais 10 mortes por Covid-19"},"content":{"rendered":"<p>Alagoas registrou 666 novos casos e mais 10 mortes por Covid-19, segundo o boletim epidemiol\u00f3gico da Secretaria do Estado da Sa\u00fade (Sesau) desta sexta-feira (26).<\/p>\n<p>Macei\u00f3 foi o munic\u00edpio que concentrou o maior n\u00famero de casos e \u00f3bitos, 305 e cinco, respectivamente.<\/p>\n<p>Desde o come\u00e7o da pandemia, 2.979 pessoas morreram de Covid-19 no estado. O total de casos confirmados chegou a 130.583. Desses, 124.196 se recuperaram e 2.917 doentes est\u00e3o em isolamento domiciliar.<\/p>\n<p>At\u00e9 essa quinta (25), a taxa de ocupa\u00e7\u00e3o de leitos exclusivos para Covid-19 estava em 54%. Considerando apenas os leitos de UTI, a taxa era de 68%.<\/p>\n<p>O n\u00famero acumulado de casos suspeitos aumentou para 10.357. Na quinta-feira (24), esse n\u00famero acumulado passou de 10 mil pela primeira vez desde o in\u00edcio da pandemia.<\/p>\n<p>Mais 10 mortes por Covid-19<\/p>\n<p>Macei\u00f3: Homem, 54 anos \u2013 sem comorbidades<br \/>\nMacei\u00f3: Homem, 58 anos \u2013 doen\u00e7a card\u00edaca cr\u00f4nica e diabetes &#8211; morreu em casa<br \/>\nMacei\u00f3: Homem, 68 anos \u2013 doen\u00e7a card\u00edaca cr\u00f4nica<br \/>\nMacei\u00f3: Homem, 90 anos \u2013 sem comorbidades<br \/>\nMacei\u00f3: Mulher, 66 anos \u2013 cardiopatia, diabetes e hipertens\u00e3o arterial<br \/>\nRio Largo: Homem, 39 anos \u2013 hipertenso<br \/>\nRio Largo: Homem, 58 anos \u2013 hipertenso<br \/>\nAnadia: Mulher, 33 anos \u2013 hipertensa, diab\u00e9tica e obesa<br \/>\nArapiraca: Mulher, 67 anos \u2013 hipertensa<br \/>\nUni\u00e3o dos Palmares: Mulher, 68 anos \u2013 hipertensa e diab\u00e9tica<\/p>\n<p>&nbsp;<\/p>\n<p><strong>Fonte: G1\/AL<\/strong><\/p>\n<p>&nbsp;<\/p>\n","protected":false},"excerpt":{"rendered":"<p>Alagoas registrou 666 novos casos e mais 10 mortes por Covid-19, segundo o boletim epidemiol\u00f3gico da Secretaria do Estado da Sa\u00fade (Sesau) desta sexta-feira (26). Macei\u00f3 foi o munic\u00edpio que concentrou o maior n\u00famero de casos e \u00f3bitos, 305 e cinco, respectivamente. Desde o come\u00e7o da pandemia, 2.979 pessoas morreram de Covid-19 no estado. O &hellip;<\/p>\n","protected":false},"author":1,"featured_media":7389,"comment_status":"closed","ping_status":"closed","sticky":false,"template":"","format":"standard","meta":{"_jetpack_newsletter_access":"","_jetpack_dont_email_post_to_subs":false,"_jetpack_newsletter_tier_id":0,"_jetpack_memberships_contains_paywalled_content":false,"_jetpack_memberships_contains_paid_content":false,"footnotes":""},"categories":[1],"tags":[],"class_list":["post-13284","post","type-post","status-publish","format-standard","has-post-thumbnail","hentry","category-destaque"],"jetpack_sharing_enabled":true,"jetpack_featured_media_url":"","_links":{"self":[{"href":"https:\/\/www.oparanews.com.br\/index.php\/wp-json\/wp\/v2\/posts\/13284","targetHints":{"allow":["GET"]}}],"collection":[{"href":"https:\/\/www.oparanews.com.br\/index.php\/wp-json\/wp\/v2\/posts"}],"about":[{"href":"https:\/\/www.oparanews.com.br\/index.php\/wp-json\/wp\/v2\/types\/post"}],"author":[{"embeddable":true,"href":"https:\/\/www.oparanews.com.br\/index.php\/wp-json\/wp\/v2\/users\/1"}],"replies":[{"embeddable":true,"href":"https:\/\/www.oparanews.com.br\/index.php\/wp-json\/wp\/v2\/comments?post=13284"}],"version-history":[{"count":0,"href":"https:\/\/www.oparanews.com.br\/index.php\/wp-json\/wp\/v2\/posts\/13284\/revisions"}],"wp:attachment":[{"href":"https:\/\/www.oparanews.com.br\/index.php\/wp-json\/wp\/v2\/media?parent=13284"}],"wp:term":[{"taxonomy":"category","embeddable":true,"href":"https:\/\/www.oparanews.com.br\/index.php\/wp-json\/wp\/v2\/categories?post=13284"},{"taxonomy":"post_tag","embeddable":true,"href":"https:\/\/www.oparanews.com.br\/index.php\/wp-json\/wp\/v2\/tags?post=13284"}],"curies":[{"name":"wp","href":"https:\/\/api.w.org\/{rel}","templated":true}]}}