{"id":13289,"date":"2021-02-27T00:04:52","date_gmt":"2021-02-27T00:04:52","guid":{"rendered":"https:\/\/oparanews.com.br\/?p=13289"},"modified":"2021-02-27T00:04:52","modified_gmt":"2021-02-27T00:04:52","slug":"aulas-da-rede-estadual-comecam-em-10-de-marco-em-formato-remoto","status":"publish","type":"post","link":"https:\/\/www.oparanews.com.br\/index.php\/2021\/02\/27\/aulas-da-rede-estadual-comecam-em-10-de-marco-em-formato-remoto\/","title":{"rendered":"Aulas da rede estadual come\u00e7am em 10 de mar\u00e7o em formato remoto"},"content":{"rendered":"<p>O ano letivo 2021 vai come\u00e7ar em 10 de mar\u00e7o em formato remoto na rede estadual de ensino. O an\u00fancio foi feito em portaria publicada no Di\u00e1rio Oficial do Estado desta sexta-feira (26).<\/p>\n<p>De acordo com a Portaria 3019\/2021, artigo 2\u00ba, fica estabelecido, inicialmente, o modelo organizacional de ensino remoto, podendo, gradativamente, avan\u00e7ar para o ensino h\u00edbrido e presencial, caso o cen\u00e1rio da COVID-19 em Alagoas apresente um diagn\u00f3stico favor\u00e1vel, baseado nas avalia\u00e7\u00f5es das autoridades sanit\u00e1rias. No ensino remoto, as atividades podem ser realizadas com ou sem a media\u00e7\u00e3o tecnol\u00f3gica, com a entrega de conte\u00fado impresso para os estudantes sem acesso a internet.<\/p>\n<p>O centen\u00e1rio de Paulo Freire, Patrono da Educa\u00e7\u00e3o Brasileira (t\u00edtulo estabelecido pela Lei 12.612 de abril de 2012), ser\u00e1 o tema norteador do ano letivo 2021. As atividades acontecer\u00e3o por meio de laborat\u00f3rios de aprendizagem \u2013 onde os professores trabalham de forma interdisciplinar, integrando v\u00e1rias disciplinas &#8211; e roteiros de estudos \u2013 com instru\u00e7\u00f5es para o trabalho quinzenal dos estudantes &#8211; para as turmas do 1\u00ba ano do ensino fundamental at\u00e9 a 2\u00aa s\u00e9rie do ensino m\u00e9dio. J\u00e1 as turmas da 3\u00aa s\u00e9rie do ensino m\u00e9dio participar\u00e3o do Foca no Enem, onde ter\u00e3o apoio para se prepararem para a edi\u00e7\u00e3o 2021 do exame de acesso ao Ensino Superior.<\/p>\n<p>Calend\u00e1rio &#8211; As escolas cumprir\u00e3o um calend\u00e1rio de 200 dias letivos e, nos dias 05, 08 e 09 de mar\u00e7o ser\u00e1 realizada jornada pedag\u00f3gica, onde os professores far\u00e3o seu planejamento interno.<\/p>\n<p>Vale ressaltar ainda que a organiza\u00e7\u00e3o da oferta da Educa\u00e7\u00e3o B\u00e1sica na rede estadual se dar\u00e1 na perspectiva do Ciclo Emergencial Continuum Curricular, onde ser\u00e3o trabalhadas as aprendizagens n\u00e3o alcan\u00e7adas em 2020.<\/p>\n<p>O secret\u00e1rio executivo de Estado da Educa\u00e7\u00e3o, Jos\u00e9 M\u00e1rcio de Oliveira, falou sobre a portaria e das expectativas para o ano letivo 2021. \u201cEntendemos que este modelo remoto, \u00e9 no momento, o mais prudente para toda a comunidade escolar. Neste primeiro momento, as escolas far\u00e3o um acolhimento, ainda que \u00e0 dist\u00e2ncia, de seus professores e estudantes, sempre buscando escutar as contribui\u00e7\u00f5es que cada um pode dar para a constru\u00e7\u00e3o desse ano letivo. Al\u00e9m disso, ano passado, ouvimos os professores e tamb\u00e9m estudantes e, a partir desta devolutiva, buscaremos aprimorar essa metodologia para 2021, tendo inclusive um calend\u00e1rio permanente de forma\u00e7\u00f5es. A ideia \u00e9 caminharmos juntos no intuito de oferecermos uma educa\u00e7\u00e3o de qualidade para a popula\u00e7\u00e3o alagoana e minimizando os eventuais preju\u00edzos\u201d, destaca.<\/p>\n<p>&nbsp;<\/p>\n<p><strong>Fonte: Ag\u00eancia Alagoas<\/strong><\/p>\n<p>&nbsp;<\/p>\n","protected":false},"excerpt":{"rendered":"<p>O ano letivo 2021 vai come\u00e7ar em 10 de mar\u00e7o em formato remoto na rede estadual de ensino. O an\u00fancio foi feito em portaria publicada no Di\u00e1rio Oficial do Estado desta sexta-feira (26). De acordo com a Portaria 3019\/2021, artigo 2\u00ba, fica estabelecido, inicialmente, o modelo organizacional de ensino remoto, podendo, gradativamente, avan\u00e7ar para o &hellip;<\/p>\n","protected":false},"author":1,"featured_media":13290,"comment_status":"closed","ping_status":"closed","sticky":false,"template":"","format":"standard","meta":{"_jetpack_newsletter_access":"","_jetpack_dont_email_post_to_subs":false,"_jetpack_newsletter_tier_id":0,"_jetpack_memberships_contains_paywalled_content":false,"_jetpack_memberships_contains_paid_content":false,"footnotes":""},"categories":[1],"tags":[],"class_list":["post-13289","post","type-post","status-publish","format-standard","has-post-thumbnail","hentry","category-destaque"],"jetpack_sharing_enabled":true,"jetpack_featured_media_url":"","_links":{"self":[{"href":"https:\/\/www.oparanews.com.br\/index.php\/wp-json\/wp\/v2\/posts\/13289","targetHints":{"allow":["GET"]}}],"collection":[{"href":"https:\/\/www.oparanews.com.br\/index.php\/wp-json\/wp\/v2\/posts"}],"about":[{"href":"https:\/\/www.oparanews.com.br\/index.php\/wp-json\/wp\/v2\/types\/post"}],"author":[{"embeddable":true,"href":"https:\/\/www.oparanews.com.br\/index.php\/wp-json\/wp\/v2\/users\/1"}],"replies":[{"embeddable":true,"href":"https:\/\/www.oparanews.com.br\/index.php\/wp-json\/wp\/v2\/comments?post=13289"}],"version-history":[{"count":0,"href":"https:\/\/www.oparanews.com.br\/index.php\/wp-json\/wp\/v2\/posts\/13289\/revisions"}],"wp:attachment":[{"href":"https:\/\/www.oparanews.com.br\/index.php\/wp-json\/wp\/v2\/media?parent=13289"}],"wp:term":[{"taxonomy":"category","embeddable":true,"href":"https:\/\/www.oparanews.com.br\/index.php\/wp-json\/wp\/v2\/categories?post=13289"},{"taxonomy":"post_tag","embeddable":true,"href":"https:\/\/www.oparanews.com.br\/index.php\/wp-json\/wp\/v2\/tags?post=13289"}],"curies":[{"name":"wp","href":"https:\/\/api.w.org\/{rel}","templated":true}]}}