{"id":13295,"date":"2021-02-27T00:12:37","date_gmt":"2021-02-27T00:12:37","guid":{"rendered":"https:\/\/oparanews.com.br\/?p=13295"},"modified":"2021-02-27T00:12:37","modified_gmt":"2021-02-27T00:12:37","slug":"cbf-altera-para-21h-o-1o-jogo-da-final-da-copa-do-brasil","status":"publish","type":"post","link":"https:\/\/www.oparanews.com.br\/index.php\/2021\/02\/27\/cbf-altera-para-21h-o-1o-jogo-da-final-da-copa-do-brasil\/","title":{"rendered":"CBF altera para 21h o 1\u00ba jogo da final da Copa do Brasil"},"content":{"rendered":"<p>A primeira partida da final da Copa do Brasil teve o hor\u00e1rio alterado pela Confedera\u00e7\u00e3o Brasileira de Futebol nesta sexta-feira, antev\u00e9spera do confronto. Gr\u00eamio e Palmeiras v\u00e3o entrar em campo \u00e0s 21h deste domingo, em Porto Alegre, para o in\u00edcio da decis\u00e3o do t\u00edtulo. A partida estava agendada para 16h, mas teve hor\u00e1rio modificado para evitar aglomera\u00e7\u00f5es de torcedores por causa da pandemia do novo coronav\u00edrus.<\/p>\n<p>O pedido partiu do Governo do Rio Grande do Sul, que agora confia em evitar aglomera\u00e7\u00f5es em bares e restaurantes, onde os torcedores poderiam acompanhar ao jogo se ele fosse realizado \u00e0s 16h. O toque de recolher come\u00e7a \u00e0s 20h.<\/p>\n<p>&#8220;Diante das medidas do Governo do Estado do Rio Grande do Sul quanto \u00e0s restri\u00e7\u00f5es para o combate \u00e0 pandemia, a CBF altera o hor\u00e1rio da partida Gr\u00eamio x Palmeiras para 21h deste domingo&#8221;, publicou a CBF no Twitter.<\/p>\n<p>&#8220;O Governo solicitou que a partida fosse disputada ap\u00f3s \u00e0s 20h e, mediante consulta aos clubes envolvidos, \u00e0s respectivas federa\u00e7\u00f5es e \u00e0 Rede Globo, detentora dos direitos de transmiss\u00e3o da competi\u00e7\u00e3o, a CBF definiu o hor\u00e1rio das 21h&#8221;, acrescentou.<\/p>\n<p>A CBF informou ainda que mant\u00e9m Porto Alegre como sede do confronto por &#8220;se tratar de uma decis\u00e3o de competi\u00e7\u00e3o eliminat\u00f3ria nacional e com o intuito de preservar o equil\u00edbrio t\u00e9cnico nas duas partidas finais da Copa do Brasil.&#8221;<\/p>\n<p>A entidade j\u00e1 havia alterado o hor\u00e1rio do segundo jogo da final da Copa do Brasil, marcado para o dia 7 de mar\u00e7o, um domingo. A partida no Allianz Parque passou das 16h para 18h.<\/p>\n<p>As datas da decis\u00e3o da Copa do Brasil foram confirmadas ap\u00f3s o t\u00edtulo da Copa Libertadores conquistado pelo Palmeiras, no final de janeiro, com vit\u00f3ria sobre o Santos, no est\u00e1dio do Maracan\u00e3, no Rio de Janeiro. Como participaria do Mundial de Clubes da Fifa alguns dias depois, em fevereiro, no Catar, o clube paulista teve uma s\u00e9rie de jogos adiados.<\/p>\n<p>&nbsp;<\/p>\n<p><strong>Fonte: GE<\/strong><\/p>\n<p>&nbsp;<\/p>\n","protected":false},"excerpt":{"rendered":"<p>A primeira partida da final da Copa do Brasil teve o hor\u00e1rio alterado pela Confedera\u00e7\u00e3o Brasileira de Futebol nesta sexta-feira, antev\u00e9spera do confronto. Gr\u00eamio e Palmeiras v\u00e3o entrar em campo \u00e0s 21h deste domingo, em Porto Alegre, para o in\u00edcio da decis\u00e3o do t\u00edtulo. A partida estava agendada para 16h, mas teve hor\u00e1rio modificado para &hellip;<\/p>\n","protected":false},"author":1,"featured_media":13296,"comment_status":"closed","ping_status":"closed","sticky":false,"template":"","format":"standard","meta":{"_jetpack_newsletter_access":"","_jetpack_dont_email_post_to_subs":false,"_jetpack_newsletter_tier_id":0,"_jetpack_memberships_contains_paywalled_content":false,"_jetpack_memberships_contains_paid_content":false,"footnotes":""},"categories":[1],"tags":[],"class_list":["post-13295","post","type-post","status-publish","format-standard","has-post-thumbnail","hentry","category-destaque"],"jetpack_sharing_enabled":true,"jetpack_featured_media_url":"","_links":{"self":[{"href":"https:\/\/www.oparanews.com.br\/index.php\/wp-json\/wp\/v2\/posts\/13295","targetHints":{"allow":["GET"]}}],"collection":[{"href":"https:\/\/www.oparanews.com.br\/index.php\/wp-json\/wp\/v2\/posts"}],"about":[{"href":"https:\/\/www.oparanews.com.br\/index.php\/wp-json\/wp\/v2\/types\/post"}],"author":[{"embeddable":true,"href":"https:\/\/www.oparanews.com.br\/index.php\/wp-json\/wp\/v2\/users\/1"}],"replies":[{"embeddable":true,"href":"https:\/\/www.oparanews.com.br\/index.php\/wp-json\/wp\/v2\/comments?post=13295"}],"version-history":[{"count":0,"href":"https:\/\/www.oparanews.com.br\/index.php\/wp-json\/wp\/v2\/posts\/13295\/revisions"}],"wp:attachment":[{"href":"https:\/\/www.oparanews.com.br\/index.php\/wp-json\/wp\/v2\/media?parent=13295"}],"wp:term":[{"taxonomy":"category","embeddable":true,"href":"https:\/\/www.oparanews.com.br\/index.php\/wp-json\/wp\/v2\/categories?post=13295"},{"taxonomy":"post_tag","embeddable":true,"href":"https:\/\/www.oparanews.com.br\/index.php\/wp-json\/wp\/v2\/tags?post=13295"}],"curies":[{"name":"wp","href":"https:\/\/api.w.org\/{rel}","templated":true}]}}