{"id":13298,"date":"2021-02-27T00:14:03","date_gmt":"2021-02-27T00:14:03","guid":{"rendered":"https:\/\/oparanews.com.br\/?p=13298"},"modified":"2021-02-27T00:14:03","modified_gmt":"2021-02-27T00:14:03","slug":"bocardi-leva-advertencia-apos-polemica-com-nego-di","status":"publish","type":"post","link":"https:\/\/www.oparanews.com.br\/index.php\/2021\/02\/27\/bocardi-leva-advertencia-apos-polemica-com-nego-di\/","title":{"rendered":"Bocardi leva advert\u00eancia ap\u00f3s pol\u00eamica com Nego Di"},"content":{"rendered":"<p>Rodrigo Bocardi recebeu uma advert\u00eancia da TV Globo ap\u00f3s expor na r\u00e1dio CBN que recebeu amea\u00e7as pelas redes sociais do humorista Nego Di, ex-participante do \u2018BBB21\u2019.<\/p>\n<p>Segundo informa\u00e7\u00f5es do colunista Alessandro Lo-Bianco, al\u00e9m da suspens\u00e3o, a dire\u00e7\u00e3o de entretenimento da emissora juntamente com a de jornalismo, tamb\u00e9m solicitou que ele encerre publicamente o assunto pol\u00eamico.<\/p>\n<p>\u201cEu n\u00e3o quis falar nada ontem, at\u00e9 porque n\u00e3o tinha a expuls\u00e3o de Nego Di, at\u00e9 porque isso que vou contar agora reflete muito o que \u00e9 a vida e tem tudo a ver com o grande assunto dia, que envolve tamb\u00e9m um valent\u00e3o, aquele soberano, que est\u00e1 acima de todos e de tudo, que acha que pode dominar o mundo e desrespeitar quem quer que seja\u201d, disse Bocardi na ocasi\u00e3o sobre as amea\u00e7as sofridas pelo ex-brother<\/p>\n<p>Ele tamb\u00e9m leu uma das mensagens que foram enviadas para ele na \u00e9poca. Os guri \u2018vai\u2019 (sic) te apagar, se liga\u201d, \u201cEst\u00e3o por invadir sua casa, seu bosta\u201d e \u201cOs caras v\u00e3o brincar de Lego com seu corpo\u201d. \u201cEssa foi s\u00f3 uma entre tantas amea\u00e7as, inclusive aos meus filhos. Tem tudo o que voc\u00eas puderem imaginar\u201d, afirmou. \u201cE hoje, Nego Di, o valent\u00e3o, aquele fez a acusa\u00e7\u00e3o, que mobilizou todo o seu time contra mim e minha fam\u00edlia, estava hoje l\u00e1 no programa da Ana Maria Braga quase chorando, com \u00edndice de rejei\u00e7\u00e3o recorde no \u2018BBB\u2019\u201d.<\/p>\n<p>Ainda de acordo com Lo-Bianco, o pedido inicial do afastamento de Rodrigo Bocardi partiu da dire\u00e7\u00e3o do reality show, que considerou a situa\u00e7\u00e3o embara\u00e7osa, com isso, podendo afetar a imagem do jogo.<\/p>\n<p>&nbsp;<\/p>\n<p><strong>Fonte: ISTO\u00c9<\/strong><\/p>\n<p>&nbsp;<\/p>\n","protected":false},"excerpt":{"rendered":"<p>Rodrigo Bocardi recebeu uma advert\u00eancia da TV Globo ap\u00f3s expor na r\u00e1dio CBN que recebeu amea\u00e7as pelas redes sociais do humorista Nego Di, ex-participante do \u2018BBB21\u2019. Segundo informa\u00e7\u00f5es do colunista Alessandro Lo-Bianco, al\u00e9m da suspens\u00e3o, a dire\u00e7\u00e3o de entretenimento da emissora juntamente com a de jornalismo, tamb\u00e9m solicitou que ele encerre publicamente o assunto pol\u00eamico. &hellip;<\/p>\n","protected":false},"author":1,"featured_media":13299,"comment_status":"closed","ping_status":"closed","sticky":false,"template":"","format":"standard","meta":{"_jetpack_newsletter_access":"","_jetpack_dont_email_post_to_subs":false,"_jetpack_newsletter_tier_id":0,"_jetpack_memberships_contains_paywalled_content":false,"_jetpack_memberships_contains_paid_content":false,"footnotes":""},"categories":[1],"tags":[],"class_list":["post-13298","post","type-post","status-publish","format-standard","has-post-thumbnail","hentry","category-destaque"],"jetpack_sharing_enabled":true,"jetpack_featured_media_url":"","_links":{"self":[{"href":"https:\/\/www.oparanews.com.br\/index.php\/wp-json\/wp\/v2\/posts\/13298","targetHints":{"allow":["GET"]}}],"collection":[{"href":"https:\/\/www.oparanews.com.br\/index.php\/wp-json\/wp\/v2\/posts"}],"about":[{"href":"https:\/\/www.oparanews.com.br\/index.php\/wp-json\/wp\/v2\/types\/post"}],"author":[{"embeddable":true,"href":"https:\/\/www.oparanews.com.br\/index.php\/wp-json\/wp\/v2\/users\/1"}],"replies":[{"embeddable":true,"href":"https:\/\/www.oparanews.com.br\/index.php\/wp-json\/wp\/v2\/comments?post=13298"}],"version-history":[{"count":0,"href":"https:\/\/www.oparanews.com.br\/index.php\/wp-json\/wp\/v2\/posts\/13298\/revisions"}],"wp:attachment":[{"href":"https:\/\/www.oparanews.com.br\/index.php\/wp-json\/wp\/v2\/media?parent=13298"}],"wp:term":[{"taxonomy":"category","embeddable":true,"href":"https:\/\/www.oparanews.com.br\/index.php\/wp-json\/wp\/v2\/categories?post=13298"},{"taxonomy":"post_tag","embeddable":true,"href":"https:\/\/www.oparanews.com.br\/index.php\/wp-json\/wp\/v2\/tags?post=13298"}],"curies":[{"name":"wp","href":"https:\/\/api.w.org\/{rel}","templated":true}]}}