{"id":13301,"date":"2021-02-27T00:15:10","date_gmt":"2021-02-27T00:15:10","guid":{"rendered":"https:\/\/oparanews.com.br\/?p=13301"},"modified":"2021-02-27T00:15:10","modified_gmt":"2021-02-27T00:15:10","slug":"governador-que-fechar-estado-bancara-auxilio-diz-bolsonaro","status":"publish","type":"post","link":"https:\/\/www.oparanews.com.br\/index.php\/2021\/02\/27\/governador-que-fechar-estado-bancara-auxilio-diz-bolsonaro\/","title":{"rendered":"Governador que fechar Estado bancar\u00e1 aux\u00edlio, diz Bolsonaro"},"content":{"rendered":"<p>Em meio ao aumento dos n\u00fameros da pandemia da covid-19 no Pa\u00eds, o presidente Jair Bolsonaro disse nesta sexta, 26, que o governador que adotar medidas de restri\u00e7\u00e3o por conta da crise sanit\u00e1ria dever\u00e1 bancar novas rodadas do aux\u00edlio emergencial. A fala ocorre no momento em que governantes locais estudam e adotam medidas de fechamento para combater a dissemina\u00e7\u00e3o do v\u00edrus, que matou mais de 252 mil brasileiros desde o in\u00edcio da pandemia.<\/p>\n<p>&#8220;O aux\u00edlio emergencial vem por mais alguns meses e daqui para frente o governador que fechar seu Estado, o governador que destr\u00f3i emprego, ele \u00e9 que deve bancar o aux\u00edlio emergencial. N\u00e3o pode continuar fazendo pol\u00edtica e jogar para o colo do presidente da Rep\u00fablica essa responsabilidade&#8221;, declarou Bolsonaro durante visita \u00e0s obras de duplica\u00e7\u00e3o da BR-222, em Caucaia (CE).<\/p>\n<p>Durante live semanal nesta quinta, 25, Bolsonaro disse que a proposta estudada pelo governo \u00e9 pagar o aux\u00edlio a partir de mar\u00e7o, por quatro meses e no valor de R$ 250. O pagamento da nova rodada do benef\u00edcio, segundo ele, \u00e9 &#8220;para ver se a economia pega de vez, pega para valer&#8221;. Contr\u00e1rio a medidas de restri\u00e7\u00e3o e incomodado com a press\u00e3o em cima do governo federal, Bolsonaro tem sugerido que a popula\u00e7\u00e3o cobre de prefeitos e governadores o pagamento do aux\u00edlio.<\/p>\n<p>&#8220;A pandemia nos atrapalhou bastante, mas n\u00f3s venceremos este mal, pode ter certeza&#8221;, disse no evento. &#8220;O que o povo mais pede e eu tenho visto, em especial no Cear\u00e1, \u00e9 (para) trabalhar. Essa politicalha do &#8216;fica em casa a economia a gente v\u00ea depois&#8217; n\u00e3o deu certo e n\u00e3o vai dar certo&#8221;, acrescentou.<\/p>\n<p>&nbsp;<\/p>\n<p><strong>Fonte: Terra<\/strong><\/p>\n<p>&nbsp;<\/p>\n","protected":false},"excerpt":{"rendered":"<p>Em meio ao aumento dos n\u00fameros da pandemia da covid-19 no Pa\u00eds, o presidente Jair Bolsonaro disse nesta sexta, 26, que o governador que adotar medidas de restri\u00e7\u00e3o por conta da crise sanit\u00e1ria dever\u00e1 bancar novas rodadas do aux\u00edlio emergencial. A fala ocorre no momento em que governantes locais estudam e adotam medidas de fechamento &hellip;<\/p>\n","protected":false},"author":1,"featured_media":13302,"comment_status":"closed","ping_status":"closed","sticky":false,"template":"","format":"standard","meta":{"_jetpack_newsletter_access":"","_jetpack_dont_email_post_to_subs":false,"_jetpack_newsletter_tier_id":0,"_jetpack_memberships_contains_paywalled_content":false,"_jetpack_memberships_contains_paid_content":false,"footnotes":""},"categories":[1],"tags":[],"class_list":["post-13301","post","type-post","status-publish","format-standard","has-post-thumbnail","hentry","category-destaque"],"jetpack_sharing_enabled":true,"jetpack_featured_media_url":"","_links":{"self":[{"href":"https:\/\/www.oparanews.com.br\/index.php\/wp-json\/wp\/v2\/posts\/13301","targetHints":{"allow":["GET"]}}],"collection":[{"href":"https:\/\/www.oparanews.com.br\/index.php\/wp-json\/wp\/v2\/posts"}],"about":[{"href":"https:\/\/www.oparanews.com.br\/index.php\/wp-json\/wp\/v2\/types\/post"}],"author":[{"embeddable":true,"href":"https:\/\/www.oparanews.com.br\/index.php\/wp-json\/wp\/v2\/users\/1"}],"replies":[{"embeddable":true,"href":"https:\/\/www.oparanews.com.br\/index.php\/wp-json\/wp\/v2\/comments?post=13301"}],"version-history":[{"count":0,"href":"https:\/\/www.oparanews.com.br\/index.php\/wp-json\/wp\/v2\/posts\/13301\/revisions"}],"wp:attachment":[{"href":"https:\/\/www.oparanews.com.br\/index.php\/wp-json\/wp\/v2\/media?parent=13301"}],"wp:term":[{"taxonomy":"category","embeddable":true,"href":"https:\/\/www.oparanews.com.br\/index.php\/wp-json\/wp\/v2\/categories?post=13301"},{"taxonomy":"post_tag","embeddable":true,"href":"https:\/\/www.oparanews.com.br\/index.php\/wp-json\/wp\/v2\/tags?post=13301"}],"curies":[{"name":"wp","href":"https:\/\/api.w.org\/{rel}","templated":true}]}}