{"id":13314,"date":"2021-02-27T00:29:45","date_gmt":"2021-02-27T00:29:45","guid":{"rendered":"https:\/\/oparanews.com.br\/?p=13314"},"modified":"2021-02-27T00:29:45","modified_gmt":"2021-02-27T00:29:45","slug":"taxa-de-ocupacao-de-leitos-de-uti-para-covid-19-em-arapiraca-chega-a-94","status":"publish","type":"post","link":"https:\/\/www.oparanews.com.br\/index.php\/2021\/02\/27\/taxa-de-ocupacao-de-leitos-de-uti-para-covid-19-em-arapiraca-chega-a-94\/","title":{"rendered":"Taxa de ocupa\u00e7\u00e3o de leitos de UTI para Covid-19 em Arapiraca chega a 94%"},"content":{"rendered":"<p>O aumento do n\u00famero de casos de Covid-19 e, consequentemente, a ocupa\u00e7\u00e3o de leitos cl\u00ednicos e de UTI nos hospitais de Alagoas, tem preocupado bastante os profissionais de Sa\u00fade.<\/p>\n<p>O m\u00e9dico de Santana do Ipanema, Jacob R\u00eago Miranda, aproveitou suas redes sociais para fazer um apelo para que a popula\u00e7\u00e3o sertaneja amplie os cuidados e procure manter o distanciamento social.<\/p>\n<p>&#8220;A pandemia est\u00e1 vivendo um crescimento preocupante. Aqui em Alagoas, mais de 10 pessoas est\u00e3o perdendo a vida diariamente. Pe\u00e7o para que voc\u00eas fiquem em casa e s\u00f3 saiam em casos de extrema necessidade, usem a m\u00e1scara de forma adequada e usem \u00e1lcool em gel o tempo inteiro. Em Santana do Ipanema os casos tem aumentado assustadoramente&#8221;, informou ele em v\u00eddeo publicado.<\/p>\n<p>De acordo com o \u00faltimo Boletim de Leitos, publicado nessa quinta-feira (25) pelo Governo de Alagoas, a cidade de Santana do Ipanema, que atende a 10\u00aa e a 11\u00aa Regi\u00e3o de Sa\u00fade do estado, est\u00e1 com ocupa\u00e7\u00e3o alarmante.<\/p>\n<p>Dos 20 leitos cl\u00ednicos destinados a pacientes com Covid-19, apenas um est\u00e1 desocupado. O mesmo acontece com os leitos de UTI, dos 10 dispon\u00edveis na cidade, apenas um est\u00e1 desocupado.<\/p>\n<p>&#8220;Estamos preocupados com o poss\u00edvel colapso da rede hospitalar em Santana do Ipanema. As pessoas v\u00e3o chegar ao hospital e n\u00e3o v\u00e3o conseguir atendimento de qualidade porque n\u00e3o ter\u00e3o profissionais suficientes&#8221;, alertou Jacob.<\/p>\n<p>&nbsp;<\/p>\n<p><strong>Fonte: 7 Segundos<\/strong><\/p>\n<p>&nbsp;<\/p>\n","protected":false},"excerpt":{"rendered":"<p>O aumento do n\u00famero de casos de Covid-19 e, consequentemente, a ocupa\u00e7\u00e3o de leitos cl\u00ednicos e de UTI nos hospitais de Alagoas, tem preocupado bastante os profissionais de Sa\u00fade. O m\u00e9dico de Santana do Ipanema, Jacob R\u00eago Miranda, aproveitou suas redes sociais para fazer um apelo para que a popula\u00e7\u00e3o sertaneja amplie os cuidados e &hellip;<\/p>\n","protected":false},"author":1,"featured_media":13315,"comment_status":"closed","ping_status":"closed","sticky":false,"template":"","format":"standard","meta":{"_jetpack_newsletter_access":"","_jetpack_dont_email_post_to_subs":false,"_jetpack_newsletter_tier_id":0,"_jetpack_memberships_contains_paywalled_content":false,"_jetpack_memberships_contains_paid_content":false,"footnotes":""},"categories":[1],"tags":[],"class_list":["post-13314","post","type-post","status-publish","format-standard","has-post-thumbnail","hentry","category-destaque"],"jetpack_sharing_enabled":true,"jetpack_featured_media_url":"","_links":{"self":[{"href":"https:\/\/www.oparanews.com.br\/index.php\/wp-json\/wp\/v2\/posts\/13314","targetHints":{"allow":["GET"]}}],"collection":[{"href":"https:\/\/www.oparanews.com.br\/index.php\/wp-json\/wp\/v2\/posts"}],"about":[{"href":"https:\/\/www.oparanews.com.br\/index.php\/wp-json\/wp\/v2\/types\/post"}],"author":[{"embeddable":true,"href":"https:\/\/www.oparanews.com.br\/index.php\/wp-json\/wp\/v2\/users\/1"}],"replies":[{"embeddable":true,"href":"https:\/\/www.oparanews.com.br\/index.php\/wp-json\/wp\/v2\/comments?post=13314"}],"version-history":[{"count":0,"href":"https:\/\/www.oparanews.com.br\/index.php\/wp-json\/wp\/v2\/posts\/13314\/revisions"}],"wp:attachment":[{"href":"https:\/\/www.oparanews.com.br\/index.php\/wp-json\/wp\/v2\/media?parent=13314"}],"wp:term":[{"taxonomy":"category","embeddable":true,"href":"https:\/\/www.oparanews.com.br\/index.php\/wp-json\/wp\/v2\/categories?post=13314"},{"taxonomy":"post_tag","embeddable":true,"href":"https:\/\/www.oparanews.com.br\/index.php\/wp-json\/wp\/v2\/tags?post=13314"}],"curies":[{"name":"wp","href":"https:\/\/api.w.org\/{rel}","templated":true}]}}