{"id":13326,"date":"2021-02-27T20:26:59","date_gmt":"2021-02-27T20:26:59","guid":{"rendered":"https:\/\/oparanews.com.br\/?p=13326"},"modified":"2021-02-27T20:26:59","modified_gmt":"2021-02-27T20:26:59","slug":"secretaria-de-saude-de-penedo-volta-a-promover-acoes-preventivas-de-rotina","status":"publish","type":"post","link":"https:\/\/www.oparanews.com.br\/index.php\/2021\/02\/27\/secretaria-de-saude-de-penedo-volta-a-promover-acoes-preventivas-de-rotina\/","title":{"rendered":"Secretaria de Sa\u00fade de Penedo volta a promover a\u00e7\u00f5es preventivas de rotina"},"content":{"rendered":"<p>A equipe de Sa\u00fade Bucal da Secretaria de Sa\u00fade de Penedo est\u00e1 retomando, aos poucos, sua rotina de a\u00e7\u00f5es. Alguns servi\u00e7os regulares estavam suspensos para evitar a dissemina\u00e7\u00e3o do v\u00edrus COVID-19.<\/p>\n<p>Na \u00faltima quarta-feira, dia 24, foi realizada uma a\u00e7\u00e3o de promo\u00e7\u00e3o e conscientiza\u00e7\u00e3o de higiene bucal para crian\u00e7as atendidas pelo PSF PETI, antigo SESI, respeitando os protocolos de preven\u00e7\u00e3o ao coronav\u00edrus.<\/p>\n<p>A equipe composta por cirurgi\u00f5es dentistas, auxiliares de sa\u00fade bucal, agentes comunit\u00e1rios de sa\u00fade e educadores do PETI, tomou todos os cuidados para que os par\u00e2metros estabelecidos pelo Minist\u00e9rio da Sa\u00fade e as normas de distanciamento social fossem preservados.<\/p>\n<p>A coordenadora da Sa\u00fade Bucal, Edilaine Soares, ressaltou a import\u00e2ncia dessas a\u00e7\u00f5es para instrumentalizar a popula\u00e7\u00e3o, de modo que todos se tornem agentes multiplicadores das informa\u00e7\u00f5es.<\/p>\n<p><strong>Sa\u00fade Bucal Na Sua Casa<\/strong><\/p>\n<p>O atendimento aos usu\u00e1rios atrav\u00e9s do programa \u201cSa\u00fade Bucal Na Sua Casa\u201d tamb\u00e9m est\u00e1 sendo retomado pela Secretaria Municipal de Sa\u00fade.<\/p>\n<p>Esse tipo de atendimento \u00e9 feito atrav\u00e9s do consult\u00f3rio m\u00f3vel levado at\u00e9 a resid\u00eancia do paciente acamado ou que possui dificuldade de locomo\u00e7\u00e3o. O cirurgi\u00e3o dentista \u00e9 acionado pelo programa Melhor em Casa e, depois do contato com o assistente social, \u00e9 alinhada a primeira visita ao paciente.<\/p>\n<p>As visitas domiciliares tamb\u00e9m podem ser feitas atrav\u00e9s do programa de estrat\u00e9gias da Sa\u00fade Bucal da Secretaria de Sa\u00fade de Penedo.<\/p>\n<p>Os perfis atendidos atrav\u00e9s desse programa s\u00e3o gestantes na fase do puerp\u00e9rio, nos primeiros 7 dias de vida do beb\u00ea, e pacientes acamados, mas que n\u00e3o necessitam de interven\u00e7\u00e3o cl\u00ednica odontol\u00f3gica.<\/p>\n<p>O programa Sa\u00fade Bucal Na Sua Casa \u00e9 mais uma oferta de tratamento humanizado promovido, com excel\u00eancia, pela Prefeitura de Penedo, trabalho de assist\u00eancia especializada para penedenses domiciliados e\/ou acamados.<\/p>\n<p>&nbsp;<\/p>\n<p><strong>por Aline Braz (assessoria Secretaria Municipal de Sa\u00fade) &#8211; Decom\/PMP<\/strong><\/p>\n<p>&nbsp;<\/p>\n","protected":false},"excerpt":{"rendered":"<p>A equipe de Sa\u00fade Bucal da Secretaria de Sa\u00fade de Penedo est\u00e1 retomando, aos poucos, sua rotina de a\u00e7\u00f5es. Alguns servi\u00e7os regulares estavam suspensos para evitar a dissemina\u00e7\u00e3o do v\u00edrus COVID-19. Na \u00faltima quarta-feira, dia 24, foi realizada uma a\u00e7\u00e3o de promo\u00e7\u00e3o e conscientiza\u00e7\u00e3o de higiene bucal para crian\u00e7as atendidas pelo PSF PETI, antigo SESI, &hellip;<\/p>\n","protected":false},"author":1,"featured_media":13327,"comment_status":"closed","ping_status":"closed","sticky":false,"template":"","format":"standard","meta":{"_jetpack_newsletter_access":"","_jetpack_dont_email_post_to_subs":false,"_jetpack_newsletter_tier_id":0,"_jetpack_memberships_contains_paywalled_content":false,"_jetpack_memberships_contains_paid_content":false,"footnotes":""},"categories":[1],"tags":[],"class_list":["post-13326","post","type-post","status-publish","format-standard","has-post-thumbnail","hentry","category-destaque"],"jetpack_sharing_enabled":true,"jetpack_featured_media_url":"","_links":{"self":[{"href":"https:\/\/www.oparanews.com.br\/index.php\/wp-json\/wp\/v2\/posts\/13326","targetHints":{"allow":["GET"]}}],"collection":[{"href":"https:\/\/www.oparanews.com.br\/index.php\/wp-json\/wp\/v2\/posts"}],"about":[{"href":"https:\/\/www.oparanews.com.br\/index.php\/wp-json\/wp\/v2\/types\/post"}],"author":[{"embeddable":true,"href":"https:\/\/www.oparanews.com.br\/index.php\/wp-json\/wp\/v2\/users\/1"}],"replies":[{"embeddable":true,"href":"https:\/\/www.oparanews.com.br\/index.php\/wp-json\/wp\/v2\/comments?post=13326"}],"version-history":[{"count":0,"href":"https:\/\/www.oparanews.com.br\/index.php\/wp-json\/wp\/v2\/posts\/13326\/revisions"}],"wp:attachment":[{"href":"https:\/\/www.oparanews.com.br\/index.php\/wp-json\/wp\/v2\/media?parent=13326"}],"wp:term":[{"taxonomy":"category","embeddable":true,"href":"https:\/\/www.oparanews.com.br\/index.php\/wp-json\/wp\/v2\/categories?post=13326"},{"taxonomy":"post_tag","embeddable":true,"href":"https:\/\/www.oparanews.com.br\/index.php\/wp-json\/wp\/v2\/tags?post=13326"}],"curies":[{"name":"wp","href":"https:\/\/api.w.org\/{rel}","templated":true}]}}