{"id":13329,"date":"2021-02-27T21:04:23","date_gmt":"2021-02-27T21:04:23","guid":{"rendered":"https:\/\/oparanews.com.br\/?p=13329"},"modified":"2021-02-27T21:04:23","modified_gmt":"2021-02-27T21:04:23","slug":"roger-e-apresentado-pelo-flu-e-nao-esconde-emocao","status":"publish","type":"post","link":"https:\/\/www.oparanews.com.br\/index.php\/2021\/02\/27\/roger-e-apresentado-pelo-flu-e-nao-esconde-emocao\/","title":{"rendered":"Roger \u00e9 apresentado pelo Flu e n\u00e3o esconde emo\u00e7\u00e3o"},"content":{"rendered":"<p>O Fluminense apresentou na manh\u00e3 deste s\u00e1bado Roger Machado como seu treinador para as temporadas de 2021 e 2022. Ele chega com uma comiss\u00e3o pr\u00f3pria, formada pelos auxiliares Roberto Ribas e James Freitas, al\u00e9m do analista de desempenho Jussan Anjolin Lara. Um dia depois da entrevista coletiva que marcou o fim do trabalho de Marc\u00e3o no comando do time, o novo t\u00e9cnico falou pela primeira vez com a imprensa e n\u00e3o escondeu a emo\u00e7\u00e3o:<\/p>\n<p>\u2013 Confesso que esse momento ele para mim foi esperado por muito tempo. Poder estar sendo anunciado como treinador do clube depois de 13 anos como atleta profissional aqui, e tendo tido parte da minha vida aqui na institui\u00e7\u00e3o. Sei o desafio que tenho em m\u00e3os, o tamanho da responsabilidade, mas tenho certeza, dando continuidade ao trabalho feito at\u00e9 o momento, temos possibilidade de seguir construindo a hist\u00f3ria do clube com conquistas. \u00c9 uma honra grande, muito obrigado.<\/p>\n<p>Livre no mercado desde setembro, quando deixou o Bahia, Roger tamb\u00e9m havia sido procurado pelo Athletico-PR nos \u00faltimos meses, mas optou pela proposta do Fluminense. Questionado sobre o que pesou para sua escolha, o treinador admitiu que o cora\u00e7\u00e3o falou mais alto ao decidir voltar ao clube onde jogou entre 2006 e 2008 e foi o her\u00f3i do t\u00edtulo da Copa do Brasil de 2007:<\/p>\n<p>\u2013 Evidentemente o fator decisivo dessa combina\u00e7\u00e3o que me trouxe at\u00e9 aqui foi entender o planejamento, o projeto que me mostraram, e passei a entender o que gostaria de fazer para esse momento, de poder ajudar a reformular o clube. Disputar competi\u00e7\u00f5es importantes, trabalhar com o que eu entendo, que \u00e9 essa combina\u00e7\u00e3o importante de revela\u00e7\u00f5es, que Xer\u00e9m nos d\u00e1, e a experi\u00eancia de jogadores mais vividos. Mas n\u00e3o posso deixar de dizer que emocionalmente teve uma decis\u00e3o muito forte de voltar para casa, a esse ambiente que 13 anos atr\u00e1s convivi com muita intensidade. De me relacionar com pessoas que muitas delas ainda est\u00e3o por aqui, construindo a hist\u00f3ria do clube, e pude participar durante tr\u00eas anos (2006, 2007 e 2008), uma das fases mais importantes que vivi.<\/p>\n<p>&#8220;Tem as motiva\u00e7\u00f5es profissionais, mas sem d\u00favida o cora\u00e7\u00e3o falou bem alto no momento da decis\u00e3o dessa parceria&#8221;.<\/p>\n<p>&nbsp;<\/p>\n<p><strong>Fonte: GE<\/strong><\/p>\n<p>&nbsp;<\/p>\n","protected":false},"excerpt":{"rendered":"<p>O Fluminense apresentou na manh\u00e3 deste s\u00e1bado Roger Machado como seu treinador para as temporadas de 2021 e 2022. Ele chega com uma comiss\u00e3o pr\u00f3pria, formada pelos auxiliares Roberto Ribas e James Freitas, al\u00e9m do analista de desempenho Jussan Anjolin Lara. Um dia depois da entrevista coletiva que marcou o fim do trabalho de Marc\u00e3o &hellip;<\/p>\n","protected":false},"author":1,"featured_media":13330,"comment_status":"closed","ping_status":"closed","sticky":false,"template":"","format":"standard","meta":{"_jetpack_newsletter_access":"","_jetpack_dont_email_post_to_subs":false,"_jetpack_newsletter_tier_id":0,"_jetpack_memberships_contains_paywalled_content":false,"_jetpack_memberships_contains_paid_content":false,"footnotes":""},"categories":[1],"tags":[],"class_list":["post-13329","post","type-post","status-publish","format-standard","has-post-thumbnail","hentry","category-destaque"],"jetpack_sharing_enabled":true,"jetpack_featured_media_url":"","_links":{"self":[{"href":"https:\/\/www.oparanews.com.br\/index.php\/wp-json\/wp\/v2\/posts\/13329","targetHints":{"allow":["GET"]}}],"collection":[{"href":"https:\/\/www.oparanews.com.br\/index.php\/wp-json\/wp\/v2\/posts"}],"about":[{"href":"https:\/\/www.oparanews.com.br\/index.php\/wp-json\/wp\/v2\/types\/post"}],"author":[{"embeddable":true,"href":"https:\/\/www.oparanews.com.br\/index.php\/wp-json\/wp\/v2\/users\/1"}],"replies":[{"embeddable":true,"href":"https:\/\/www.oparanews.com.br\/index.php\/wp-json\/wp\/v2\/comments?post=13329"}],"version-history":[{"count":0,"href":"https:\/\/www.oparanews.com.br\/index.php\/wp-json\/wp\/v2\/posts\/13329\/revisions"}],"wp:attachment":[{"href":"https:\/\/www.oparanews.com.br\/index.php\/wp-json\/wp\/v2\/media?parent=13329"}],"wp:term":[{"taxonomy":"category","embeddable":true,"href":"https:\/\/www.oparanews.com.br\/index.php\/wp-json\/wp\/v2\/categories?post=13329"},{"taxonomy":"post_tag","embeddable":true,"href":"https:\/\/www.oparanews.com.br\/index.php\/wp-json\/wp\/v2\/tags?post=13329"}],"curies":[{"name":"wp","href":"https:\/\/api.w.org\/{rel}","templated":true}]}}