{"id":13332,"date":"2021-02-27T21:10:01","date_gmt":"2021-02-27T21:10:01","guid":{"rendered":"https:\/\/oparanews.com.br\/?p=13332"},"modified":"2021-02-27T21:10:01","modified_gmt":"2021-02-27T21:10:01","slug":"pazuello-muda-versao-sobre-colapso-em-manaus","status":"publish","type":"post","link":"https:\/\/www.oparanews.com.br\/index.php\/2021\/02\/27\/pazuello-muda-versao-sobre-colapso-em-manaus\/","title":{"rendered":"Pazuello muda vers\u00e3o sobre colapso em Manaus"},"content":{"rendered":"<p>Em depoimento \u00e0 Pol\u00edcia Federal obtido pelo Estad\u00e3o, o ministro da Sa\u00fade, Eduardo Pazuello, mudou a vers\u00e3o do governo e disse que n\u00e3o soube do colapso no fornecimento de oxig\u00eanio a Manaus no dia 8 de janeiro, diferentemente do que a Advocacia-Geral da Uni\u00e3o (AGU) havia informado ao Supremo Tribunal Federal. A fala tamb\u00e9m contradiz o que o pr\u00f3prio Pazuello havia declarado \u00e0 imprensa no m\u00eas passado.<\/p>\n<p>De acordo com o general, essa data foi inserida por engano em uma manifesta\u00e7\u00e3o oficial do governo em outro processo do STF, em que partidos buscam garantir a vacina\u00e7\u00e3o da popula\u00e7\u00e3o contra a covid-19.<\/p>\n<p>Pazuello prestou depoimento no dia 4 de fevereiro no Hotel de Tr\u00e2nsito de Oficiais do Ex\u00e9rcito, em Bras\u00edlia, no inqu\u00e9rito do Supremo que apura se o ministro foi omisso no enfrentamento da pandemia na capital do Amazonas. O caso est\u00e1 sob sigilo. Ap\u00f3s a conclus\u00e3o das investiga\u00e7\u00f5es, caber\u00e1 ao procurador-geral da Rep\u00fablica, Augusto Aras, decidir se denuncia ou n\u00e3o o ministro.<\/p>\n<p>O depoimento de Pazuello contrasta com uma manifesta\u00e7\u00e3o assinada pelo ministro-chefe da AGU, Jos\u00e9 Levi, que afirmou que o Minist\u00e9rio da Sa\u00fade ficou sabendo da &#8220;cr\u00edtica situa\u00e7\u00e3o do esvaziamento de estoque de oxig\u00eanio em Manaus&#8221; no dia 8 de janeiro, a partir de um e-mail enviado pela White Martins, fabricante do insumo.<\/p>\n<p>No depoimento \u00e0 PF, Pazuello declarou que &#8220;o documento mencionado nunca foi entregue oficialmente ao Minist\u00e9rio da Sa\u00fade, bem como a empresa nunca realizou contatos informais com representantes do minist\u00e9rio&#8221;. O general ainda disse que um aviso da White Martins do dia 8 \u00e9 citado em manifesta\u00e7\u00e3o do governo ao Supremo por um &#8220;equ\u00edvoco&#8221; de um funcion\u00e1rio do minist\u00e9rio.<\/p>\n<p>&#8220;E o equ\u00edvoco se deu em virtude do prazo ex\u00edguo de 48 horas para apresenta\u00e7\u00e3o da resposta junto ao STF&#8221;, afirmou Pazuello no depoimento. &#8220;O documento chegou ao conhecimento do Minist\u00e9rio da Sa\u00fade via secret\u00e1rio da Sa\u00fade do Estado do Amazonas quando da busca de elementos para apresenta\u00e7\u00e3o de resposta ao Supremo Tribunal Federal por interm\u00e9dio da AGU na ADPF 756 (a\u00e7\u00e3o movida por cinco partidos da oposi\u00e7\u00e3o para obrigar o presidente Jair Bolsonaro a adquirir imuniza\u00e7\u00e3o contra covid)&#8221;, completou o ministro.<\/p>\n<p>A fala de Pazuello \u00e0 PF contradiz ainda o discurso do pr\u00f3prio ministro, feito em entrevista \u00e0 imprensa no dia 18 de janeiro. Na ocasi\u00e3o, ele afirmou que soube por meio da pr\u00f3pria White Martins, no dia 8, sobre a falta do insumo. &#8220;N\u00f3s tomamos conhecimento de que a White Martins chegou no seu pr\u00f3prio limite quando ela nos informou. Ou seja, se n\u00f3s tiv\u00e9ssemos tido essa informa\u00e7\u00e3o, por menor que seja, ou se n\u00f3s fizemos imediatamente quando n\u00f3s soubemos. N\u00f3s s\u00f3 soubemos no dia 8 de janeiro. Quando n\u00f3s chegamos l\u00e1, no dia 4, o problema n\u00e3o era oxig\u00eanio&#8221;, disse o ministro \u00e0 \u00e9poca.<\/p>\n<p>No depoimento, Pazuello reconhece que recebeu pedido do governo Amazonas de envio de 150 cilindros no dia 8 e que o Centro de Opera\u00e7\u00f5es de Emerg\u00eancia (COE, do Minist\u00e9rio Sa\u00fade) avisou, em 9 de janeiro, sobre &#8220;colapso dos hospitais e falta da rede de oxig\u00eanio&#8221;.<\/p>\n<p>O general afirmou, por\u00e9m, que &#8220;n\u00e3o houve qualquer tipo de men\u00e7\u00e3o ao iminente colapso de fornecimento de oxig\u00eanio na cidade de Manaus&#8221; at\u00e9 aquele momento, segundo registra o depoimento. O ministro disse \u00e0 PF que apenas na noite do dia 10 o governador do Amazonas, Wilson Lima (PSC), relatou &#8220;um problema de abastecimento de oxig\u00eanio&#8221;.<\/p>\n<p>O depoimento n\u00e3o aponta uma data exata em que Pazuello soube do colapso da entrega de oxig\u00eanio. O ministro, no entanto, disse em 11 de janeiro que convocou uma reuni\u00e3o com secret\u00e1rios de munic\u00edpios e do Amazonas &#8220;com o objetivo de atender a abrang\u00eancia da falta de oxig\u00eanio e demais \u00f3bices no atendimento de sa\u00fade&#8221;. Pazuello declarou ainda que a partir do dia 12 passou a centralizar a\u00e7\u00f5es em um comit\u00ea com o governo local &#8220;justamente para evitar a falta de oxig\u00eanio&#8221;.<\/p>\n<p><strong>&#8216;Crescimento&#8217;<\/strong><\/p>\n<p>Pazuello disse que assumiu o protagonismo das a\u00e7\u00f5es &#8220;justamente para evitar a falta de oxig\u00eanio&#8221; e que, a partir do dia 12 de janeiro, mudou a estrat\u00e9gia de fornecimento do insumo, passando a requisitar usinas geradoras e concentradores. &#8220;Nesse contexto, o oxig\u00eanio da White Martins ficaria como backup&#8221;, disse ele.<\/p>\n<p>O ministro afirmou \u00e0 PF que &#8220;n\u00e3o era poss\u00edvel se prever o crescimento que ocorreu em janeiro&#8221; pela covid-19 no come\u00e7o de 2021, apesar de todos os alertas de especialistas sobre os riscos de aglomera\u00e7\u00f5es e festas de fim de ano. &#8220;E nas tr\u00eas semanas seguintes (ao fim de 2020) a subida foi vertiginosa, sem possibilidade de previs\u00e3o estat\u00edstica anterior, considerando o hist\u00f3rico do semestre&#8221;, declarou.<\/p>\n<p>Ainda de acordo com Pazuello, no fim de dezembro ele &#8220;tomou conhecimento&#8221; do aumento de casos e interna\u00e7\u00f5es em hospitais, &#8220;inclusive por fontes pessoais&#8221;. Ele disse aos investigadores que reuniu sua equipe em 28 de dezembro para tratar da situa\u00e7\u00e3o do Amazonas e suspendeu as f\u00e9rias do primeiro escal\u00e3o da pasta. Segundo o ministro, uma equipe da Sa\u00fade foi enviada a Manaus no dia 4 de janeiro e verificou defici\u00eancias na rede de sa\u00fade da regi\u00e3o.<\/p>\n<p>\u00c0 PF, o general declarou que a sua equipe voltou no dia 5 e, em reuni\u00f5es nos dias seguintes, com a presen\u00e7a de Wilson Lima, &#8220;n\u00e3o houve qualquer men\u00e7\u00e3o sobre a falta de oxig\u00eanio na cidade de Manaus, por parte do governador do Estado&#8221;.<\/p>\n<p><strong>Reuni\u00e3o<\/strong><\/p>\n<p>Em nota, o Minist\u00e9rio da Sa\u00fade disse que Pazuello s\u00f3 soube do colapso no dia 11 de janeiro. A White Martins disse \u00e0 reportagem que informou o governo do Amazonas no dia 8 sobre o &#8220;aumento abrupto e exponencial da demanda&#8221; por oxig\u00eanio. A empresa afirmou que no dia 10 foi convidada por Pazuello para uma reuni\u00e3o, realizada na data seguinte. A AGU comunicou que n\u00e3o se manifestaria.<\/p>\n<p>&nbsp;<\/p>\n<p><strong>Fonte: Terra com informa\u00e7\u00f5es do jornal O Estado de S. Paulo<\/strong><\/p>\n<p>&nbsp;<\/p>\n","protected":false},"excerpt":{"rendered":"<p>Em depoimento \u00e0 Pol\u00edcia Federal obtido pelo Estad\u00e3o, o ministro da Sa\u00fade, Eduardo Pazuello, mudou a vers\u00e3o do governo e disse que n\u00e3o soube do colapso no fornecimento de oxig\u00eanio a Manaus no dia 8 de janeiro, diferentemente do que a Advocacia-Geral da Uni\u00e3o (AGU) havia informado ao Supremo Tribunal Federal. A fala tamb\u00e9m contradiz &hellip;<\/p>\n","protected":false},"author":1,"featured_media":13333,"comment_status":"closed","ping_status":"closed","sticky":false,"template":"","format":"standard","meta":{"_jetpack_newsletter_access":"","_jetpack_dont_email_post_to_subs":false,"_jetpack_newsletter_tier_id":0,"_jetpack_memberships_contains_paywalled_content":false,"_jetpack_memberships_contains_paid_content":false,"footnotes":""},"categories":[1],"tags":[],"class_list":["post-13332","post","type-post","status-publish","format-standard","has-post-thumbnail","hentry","category-destaque"],"jetpack_sharing_enabled":true,"jetpack_featured_media_url":"","_links":{"self":[{"href":"https:\/\/www.oparanews.com.br\/index.php\/wp-json\/wp\/v2\/posts\/13332","targetHints":{"allow":["GET"]}}],"collection":[{"href":"https:\/\/www.oparanews.com.br\/index.php\/wp-json\/wp\/v2\/posts"}],"about":[{"href":"https:\/\/www.oparanews.com.br\/index.php\/wp-json\/wp\/v2\/types\/post"}],"author":[{"embeddable":true,"href":"https:\/\/www.oparanews.com.br\/index.php\/wp-json\/wp\/v2\/users\/1"}],"replies":[{"embeddable":true,"href":"https:\/\/www.oparanews.com.br\/index.php\/wp-json\/wp\/v2\/comments?post=13332"}],"version-history":[{"count":0,"href":"https:\/\/www.oparanews.com.br\/index.php\/wp-json\/wp\/v2\/posts\/13332\/revisions"}],"wp:attachment":[{"href":"https:\/\/www.oparanews.com.br\/index.php\/wp-json\/wp\/v2\/media?parent=13332"}],"wp:term":[{"taxonomy":"category","embeddable":true,"href":"https:\/\/www.oparanews.com.br\/index.php\/wp-json\/wp\/v2\/categories?post=13332"},{"taxonomy":"post_tag","embeddable":true,"href":"https:\/\/www.oparanews.com.br\/index.php\/wp-json\/wp\/v2\/tags?post=13332"}],"curies":[{"name":"wp","href":"https:\/\/api.w.org\/{rel}","templated":true}]}}