{"id":13335,"date":"2021-02-27T21:11:43","date_gmt":"2021-02-27T21:11:43","guid":{"rendered":"https:\/\/oparanews.com.br\/?p=13335"},"modified":"2021-02-27T21:11:43","modified_gmt":"2021-02-27T21:11:43","slug":"dani-calabresa-sobre-caso-melhem-muito-doloroso-e-intimo","status":"publish","type":"post","link":"https:\/\/www.oparanews.com.br\/index.php\/2021\/02\/27\/dani-calabresa-sobre-caso-melhem-muito-doloroso-e-intimo\/","title":{"rendered":"Dani Calabresa sobre caso Melhem: &#8216;Muito doloroso e \u00edntimo&#8217;"},"content":{"rendered":"<p>Em entrevista ao jornal \u2018O Globo\u2019, a apresentadora Dani Calabresa se pronunciou sobre a den\u00fancia de ass\u00e9dio moral contra o ator Marcius Melhem e afirmou que esse assunto \u00e9 \u201cmuito doloroso e \u00edntimo\u201d.<\/p>\n<p>\u201cO que posso falar desse assunto, que \u00e9 muito dolorido e \u00edntimo, \u00e9 que quis tomar as medidas cab\u00edveis. Fui no compliance da empresa, falei e esperei eles tomarem a decis\u00e3o que tomaram. O que posso falar \u00e9 que fui na ouvidoria do Minist\u00e9rio P\u00fablico. Ent\u00e3o, agora, est\u00e1 em segredo de Justi\u00e7a\u201d, declarou Calabresa ao \u2018O Globo\u2019.<\/p>\n<p>\u201cCada um tem um processo, um tempo de entendimento e de cicatriza\u00e7\u00e3o. Tem gente que supera a dor em dois meses. Outros levam cinco anos\u201d, completou a humorista ap\u00f3s ser questionada sobre como est\u00e1 a vida ap\u00f3s este epis\u00f3dio.<\/p>\n<p>&nbsp;<\/p>\n<p><strong>Fonte: ISTO\u00c9 Gente<\/strong><\/p>\n<p>&nbsp;<\/p>\n","protected":false},"excerpt":{"rendered":"<p>Em entrevista ao jornal \u2018O Globo\u2019, a apresentadora Dani Calabresa se pronunciou sobre a den\u00fancia de ass\u00e9dio moral contra o ator Marcius Melhem e afirmou que esse assunto \u00e9 \u201cmuito doloroso e \u00edntimo\u201d. \u201cO que posso falar desse assunto, que \u00e9 muito dolorido e \u00edntimo, \u00e9 que quis tomar as medidas cab\u00edveis. Fui no compliance &hellip;<\/p>\n","protected":false},"author":1,"featured_media":13336,"comment_status":"closed","ping_status":"closed","sticky":false,"template":"","format":"standard","meta":{"_jetpack_newsletter_access":"","_jetpack_dont_email_post_to_subs":false,"_jetpack_newsletter_tier_id":0,"_jetpack_memberships_contains_paywalled_content":false,"_jetpack_memberships_contains_paid_content":false,"footnotes":""},"categories":[1],"tags":[],"class_list":["post-13335","post","type-post","status-publish","format-standard","has-post-thumbnail","hentry","category-destaque"],"jetpack_sharing_enabled":true,"jetpack_featured_media_url":"","_links":{"self":[{"href":"https:\/\/www.oparanews.com.br\/index.php\/wp-json\/wp\/v2\/posts\/13335","targetHints":{"allow":["GET"]}}],"collection":[{"href":"https:\/\/www.oparanews.com.br\/index.php\/wp-json\/wp\/v2\/posts"}],"about":[{"href":"https:\/\/www.oparanews.com.br\/index.php\/wp-json\/wp\/v2\/types\/post"}],"author":[{"embeddable":true,"href":"https:\/\/www.oparanews.com.br\/index.php\/wp-json\/wp\/v2\/users\/1"}],"replies":[{"embeddable":true,"href":"https:\/\/www.oparanews.com.br\/index.php\/wp-json\/wp\/v2\/comments?post=13335"}],"version-history":[{"count":0,"href":"https:\/\/www.oparanews.com.br\/index.php\/wp-json\/wp\/v2\/posts\/13335\/revisions"}],"wp:attachment":[{"href":"https:\/\/www.oparanews.com.br\/index.php\/wp-json\/wp\/v2\/media?parent=13335"}],"wp:term":[{"taxonomy":"category","embeddable":true,"href":"https:\/\/www.oparanews.com.br\/index.php\/wp-json\/wp\/v2\/categories?post=13335"},{"taxonomy":"post_tag","embeddable":true,"href":"https:\/\/www.oparanews.com.br\/index.php\/wp-json\/wp\/v2\/tags?post=13335"}],"curies":[{"name":"wp","href":"https:\/\/api.w.org\/{rel}","templated":true}]}}