{"id":13338,"date":"2021-02-27T21:12:40","date_gmt":"2021-02-27T21:12:40","guid":{"rendered":"https:\/\/oparanews.com.br\/?p=13338"},"modified":"2021-02-27T21:12:40","modified_gmt":"2021-02-27T21:12:40","slug":"michel-temer-e-vacinado-contra-a-covid-19-em-sp","status":"publish","type":"post","link":"https:\/\/www.oparanews.com.br\/index.php\/2021\/02\/27\/michel-temer-e-vacinado-contra-a-covid-19-em-sp\/","title":{"rendered":"Michel Temer \u00e9 vacinado contra a covid-19 em SP"},"content":{"rendered":"<p>O ex-presidente Michel Temer foi vacinado na manh\u00e3 deste s\u00e1bado, 27, em um dos postos de vacina\u00e7\u00e3o instalados pela prefeitura de S\u00e3o Paulo na pra\u00e7a Charles Miller, no Pacaembu.<\/p>\n<p>Com a antecipa\u00e7\u00e3o para hoje da vacina\u00e7\u00e3o de idosos de 80 a 84 anos realizada pelo governo do Estado de S\u00e3o Paulo, Temer, que se tornou octogen\u00e1rio em setembro do ano passado, ficou apto a receber a primeira dose do imunizante.<\/p>\n<p>A vacina\u00e7\u00e3o, que ocorre por meio de drive-thru, tem causado congestionamentos e lentid\u00e3o nas regi\u00f5es no entorno dos pontos de imuniza\u00e7\u00e3o.<\/p>\n<p>O ex-presidente da Rep\u00fablica foi imunizado com a primeira dose da vacina desenvolvida pela farmac\u00eautica AstraZeneca em parceria com a Universidade de Oxford. Ap\u00f3s a aplica\u00e7\u00e3o, registrada pela imprensa, Temer recebeu o seu cart\u00e3o de vacina\u00e7\u00e3o.<\/p>\n<p>O est\u00e1dio do Pacaembu \u00e9 um dos cinco pontos de vacina\u00e7\u00e3o drive-thru na cidade. Pelo cronograma original do governo, o p\u00fablico dessa faixa et\u00e1ria receberia a primeira dose da vacina contra a doen\u00e7a a partir da pr\u00f3xima segunda-feira (1\u00b0), mas a data foi antecipada.<\/p>\n<p>&nbsp;<\/p>\n<p><strong>Fonte: Terra<\/strong><\/p>\n<p>&nbsp;<\/p>\n","protected":false},"excerpt":{"rendered":"<p>O ex-presidente Michel Temer foi vacinado na manh\u00e3 deste s\u00e1bado, 27, em um dos postos de vacina\u00e7\u00e3o instalados pela prefeitura de S\u00e3o Paulo na pra\u00e7a Charles Miller, no Pacaembu. Com a antecipa\u00e7\u00e3o para hoje da vacina\u00e7\u00e3o de idosos de 80 a 84 anos realizada pelo governo do Estado de S\u00e3o Paulo, Temer, que se tornou &hellip;<\/p>\n","protected":false},"author":1,"featured_media":13339,"comment_status":"closed","ping_status":"closed","sticky":false,"template":"","format":"standard","meta":{"_jetpack_newsletter_access":"","_jetpack_dont_email_post_to_subs":false,"_jetpack_newsletter_tier_id":0,"_jetpack_memberships_contains_paywalled_content":false,"_jetpack_memberships_contains_paid_content":false,"footnotes":""},"categories":[1],"tags":[],"class_list":["post-13338","post","type-post","status-publish","format-standard","has-post-thumbnail","hentry","category-destaque"],"jetpack_sharing_enabled":true,"jetpack_featured_media_url":"","_links":{"self":[{"href":"https:\/\/www.oparanews.com.br\/index.php\/wp-json\/wp\/v2\/posts\/13338","targetHints":{"allow":["GET"]}}],"collection":[{"href":"https:\/\/www.oparanews.com.br\/index.php\/wp-json\/wp\/v2\/posts"}],"about":[{"href":"https:\/\/www.oparanews.com.br\/index.php\/wp-json\/wp\/v2\/types\/post"}],"author":[{"embeddable":true,"href":"https:\/\/www.oparanews.com.br\/index.php\/wp-json\/wp\/v2\/users\/1"}],"replies":[{"embeddable":true,"href":"https:\/\/www.oparanews.com.br\/index.php\/wp-json\/wp\/v2\/comments?post=13338"}],"version-history":[{"count":0,"href":"https:\/\/www.oparanews.com.br\/index.php\/wp-json\/wp\/v2\/posts\/13338\/revisions"}],"wp:attachment":[{"href":"https:\/\/www.oparanews.com.br\/index.php\/wp-json\/wp\/v2\/media?parent=13338"}],"wp:term":[{"taxonomy":"category","embeddable":true,"href":"https:\/\/www.oparanews.com.br\/index.php\/wp-json\/wp\/v2\/categories?post=13338"},{"taxonomy":"post_tag","embeddable":true,"href":"https:\/\/www.oparanews.com.br\/index.php\/wp-json\/wp\/v2\/tags?post=13338"}],"curies":[{"name":"wp","href":"https:\/\/api.w.org\/{rel}","templated":true}]}}