{"id":13344,"date":"2021-02-28T00:12:05","date_gmt":"2021-02-28T00:12:05","guid":{"rendered":"https:\/\/oparanews.com.br\/?p=13344"},"modified":"2021-02-28T00:12:05","modified_gmt":"2021-02-28T00:12:05","slug":"renan-filho-vai-a-brasilia-na-terca-2-em-busca-de-mais-vacinas-para-alagoas","status":"publish","type":"post","link":"https:\/\/www.oparanews.com.br\/index.php\/2021\/02\/28\/renan-filho-vai-a-brasilia-na-terca-2-em-busca-de-mais-vacinas-para-alagoas\/","title":{"rendered":"Renan Filho vai a Bras\u00edlia na ter\u00e7a (2) em busca de mais vacinas para Alagoas"},"content":{"rendered":"<p>O governador Renan Filho anunciou, neste s\u00e1bado (27), por meio de suas redes sociais, que viaja na pr\u00f3xima ter\u00e7a-feira (2) a Brasilia com o objetivo de firmar compromisso para a compra de vacinas contra a Covid-19. Ele j\u00e1 havia afirmado que o Estado provisionara recursos pr\u00f3prios para a aquisi\u00e7\u00e3o dos imunizantes, caso o governo federal n\u00e3o os fornecesse em quantidade suficiente.<\/p>\n<p>&#8220;Ter\u00e7a que vem, vou a Bras\u00edlia para assumir compromisso de comprar vacinas para os alagoanos para que aceleremos a imuniza\u00e7\u00e3o de nossos grupos de risco&#8221;, escreveu Renan Filho.<\/p>\n<p>Ele aproveitou a postagem para fazer um alerta acerca do &#8220;crescimento assustador&#8221; da ocupa\u00e7\u00e3o dos leitos de UTI em todo o Brasil, apesar de a taxa em Alagoas (65%), considerada de risco moderado, encontrar-se abaixo e bem melhor do que a m\u00e9dia nacional.<\/p>\n<p>&#8220;Aproveito esse post para pedir a colabora\u00e7\u00e3o de todos com as medidas de distanciamento social, de uso de m\u00e1scaras, de higieniza\u00e7\u00e3o pessoal, especialmente lavar as m\u00e3os ou usar \u00e1lcool em gel&#8221;.<\/p>\n<p>Renan Filho afirmou que \u00e9 preciso uni\u00e3o e trabalho conjunto para vencer o novo coronav\u00edrus. E fez, ainda, uma pondera\u00e7\u00e3o. &#8220;Se mesmo com todos os apelos, o cont\u00e1gio e, consequentemente, as interna\u00e7\u00f5es hospitalares continuarem a crescer, teremos de tomar novas medidas para proteger a vida de nossa gente&#8221;.<\/p>\n<p>&nbsp;<\/p>\n<p><strong>Fonte: Ag\u00eancia Alagoas<\/strong><\/p>\n<p>&nbsp;<\/p>\n","protected":false},"excerpt":{"rendered":"<p>O governador Renan Filho anunciou, neste s\u00e1bado (27), por meio de suas redes sociais, que viaja na pr\u00f3xima ter\u00e7a-feira (2) a Brasilia com o objetivo de firmar compromisso para a compra de vacinas contra a Covid-19. Ele j\u00e1 havia afirmado que o Estado provisionara recursos pr\u00f3prios para a aquisi\u00e7\u00e3o dos imunizantes, caso o governo federal &hellip;<\/p>\n","protected":false},"author":1,"featured_media":13345,"comment_status":"closed","ping_status":"closed","sticky":false,"template":"","format":"standard","meta":{"_jetpack_newsletter_access":"","_jetpack_dont_email_post_to_subs":false,"_jetpack_newsletter_tier_id":0,"_jetpack_memberships_contains_paywalled_content":false,"_jetpack_memberships_contains_paid_content":false,"footnotes":""},"categories":[1],"tags":[],"class_list":["post-13344","post","type-post","status-publish","format-standard","has-post-thumbnail","hentry","category-destaque"],"jetpack_sharing_enabled":true,"jetpack_featured_media_url":"","_links":{"self":[{"href":"https:\/\/www.oparanews.com.br\/index.php\/wp-json\/wp\/v2\/posts\/13344","targetHints":{"allow":["GET"]}}],"collection":[{"href":"https:\/\/www.oparanews.com.br\/index.php\/wp-json\/wp\/v2\/posts"}],"about":[{"href":"https:\/\/www.oparanews.com.br\/index.php\/wp-json\/wp\/v2\/types\/post"}],"author":[{"embeddable":true,"href":"https:\/\/www.oparanews.com.br\/index.php\/wp-json\/wp\/v2\/users\/1"}],"replies":[{"embeddable":true,"href":"https:\/\/www.oparanews.com.br\/index.php\/wp-json\/wp\/v2\/comments?post=13344"}],"version-history":[{"count":0,"href":"https:\/\/www.oparanews.com.br\/index.php\/wp-json\/wp\/v2\/posts\/13344\/revisions"}],"wp:attachment":[{"href":"https:\/\/www.oparanews.com.br\/index.php\/wp-json\/wp\/v2\/media?parent=13344"}],"wp:term":[{"taxonomy":"category","embeddable":true,"href":"https:\/\/www.oparanews.com.br\/index.php\/wp-json\/wp\/v2\/categories?post=13344"},{"taxonomy":"post_tag","embeddable":true,"href":"https:\/\/www.oparanews.com.br\/index.php\/wp-json\/wp\/v2\/tags?post=13344"}],"curies":[{"name":"wp","href":"https:\/\/api.w.org\/{rel}","templated":true}]}}