{"id":13347,"date":"2021-02-28T21:49:20","date_gmt":"2021-02-28T21:49:20","guid":{"rendered":"https:\/\/oparanews.com.br\/?p=13347"},"modified":"2021-02-28T21:49:20","modified_gmt":"2021-02-28T21:49:20","slug":"alagoas-registra-mais-680-casos-e-mais-dez-mortes-por-covid-19","status":"publish","type":"post","link":"https:\/\/www.oparanews.com.br\/index.php\/2021\/02\/28\/alagoas-registra-mais-680-casos-e-mais-dez-mortes-por-covid-19\/","title":{"rendered":"Alagoas registra mais 680 casos e mais dez mortes por Covid-19"},"content":{"rendered":"<p>Alagoas tem 2.999 mortes por Covid-19. Nas \u00faltimas 24 horas, o estado confirmou mais 10 \u00f3bitos de pessoas infectadas pelo coronav\u00edrus. A informa\u00e7\u00e3o \u00e9 do boletim epidemiol\u00f3gico da Secretaria de Estado da Sa\u00fade (Sesau) divulgado neste domingo (28).<\/p>\n<p>Segundo o boletim, o estado confirmou mais 680 casos positivos. Com isso, o total de pessoas infectadas desde o in\u00edcio da pandemia subiu para 131.746. Outros 125.307 pacientes j\u00e1 est\u00e3o curadas. H\u00e1 ainda 11.514 casos em investiga\u00e7\u00e3o laboratorial.<\/p>\n<p>O estado segue vacinando a popula\u00e7\u00e3o contra o coronav\u00edrus. At\u00e9 s\u00e1bado (27), tinham sido imunizadas 95.240 pessoas.<\/p>\n<p>A taxa de ocupa\u00e7\u00e3o de leitos de UTIs est\u00e1 em 67%. Considerando tamb\u00e9m os leitos cl\u00ednicos, a ocupa\u00e7\u00e3o total no estado \u00e9 de 54%.<\/p>\n<p><strong>Mais dez mortes por Covid-19<\/strong><\/p>\n<p>Macei\u00f3: Homem, 40 anos, obeso<br \/>\nMacei\u00f3: Homem, 51 anos, sem comorbidades<br \/>\nMacei\u00f3: Homem, 81 anos, sem comorbidades<br \/>\nMacei\u00f3: Mulher, 87 anos, hipertensa<br \/>\nDelmiro Gouveia: Homem, 51 anos, sem comorbidades<br \/>\nMaragogi: Homem, 53 anos, hipertenso e diab\u00e9tico<br \/>\nS\u00e3o Miguel dos Campos: Homem, 69 anos, tinha doen\u00e7a respirat\u00f3ria cr\u00f4nica<br \/>\nArapiraca: Homem, 80 anos, sem comorbidades<br \/>\nCampo Alegre: Mulher, 46 anos, diab\u00e9tica<br \/>\nArapiraca: Mulher, 63 anos, tinha pneumopatia<\/p>\n<p>&nbsp;<\/p>\n<p><strong>Fonte: G1\/AL<\/strong><\/p>\n<p>&nbsp;<\/p>\n","protected":false},"excerpt":{"rendered":"<p>Alagoas tem 2.999 mortes por Covid-19. Nas \u00faltimas 24 horas, o estado confirmou mais 10 \u00f3bitos de pessoas infectadas pelo coronav\u00edrus. A informa\u00e7\u00e3o \u00e9 do boletim epidemiol\u00f3gico da Secretaria de Estado da Sa\u00fade (Sesau) divulgado neste domingo (28). Segundo o boletim, o estado confirmou mais 680 casos positivos. Com isso, o total de pessoas infectadas &hellip;<\/p>\n","protected":false},"author":1,"featured_media":5678,"comment_status":"closed","ping_status":"closed","sticky":false,"template":"","format":"standard","meta":{"_jetpack_newsletter_access":"","_jetpack_dont_email_post_to_subs":false,"_jetpack_newsletter_tier_id":0,"_jetpack_memberships_contains_paywalled_content":false,"_jetpack_memberships_contains_paid_content":false,"footnotes":""},"categories":[1],"tags":[],"class_list":["post-13347","post","type-post","status-publish","format-standard","has-post-thumbnail","hentry","category-destaque"],"jetpack_sharing_enabled":true,"jetpack_featured_media_url":"","_links":{"self":[{"href":"https:\/\/www.oparanews.com.br\/index.php\/wp-json\/wp\/v2\/posts\/13347","targetHints":{"allow":["GET"]}}],"collection":[{"href":"https:\/\/www.oparanews.com.br\/index.php\/wp-json\/wp\/v2\/posts"}],"about":[{"href":"https:\/\/www.oparanews.com.br\/index.php\/wp-json\/wp\/v2\/types\/post"}],"author":[{"embeddable":true,"href":"https:\/\/www.oparanews.com.br\/index.php\/wp-json\/wp\/v2\/users\/1"}],"replies":[{"embeddable":true,"href":"https:\/\/www.oparanews.com.br\/index.php\/wp-json\/wp\/v2\/comments?post=13347"}],"version-history":[{"count":0,"href":"https:\/\/www.oparanews.com.br\/index.php\/wp-json\/wp\/v2\/posts\/13347\/revisions"}],"wp:attachment":[{"href":"https:\/\/www.oparanews.com.br\/index.php\/wp-json\/wp\/v2\/media?parent=13347"}],"wp:term":[{"taxonomy":"category","embeddable":true,"href":"https:\/\/www.oparanews.com.br\/index.php\/wp-json\/wp\/v2\/categories?post=13347"},{"taxonomy":"post_tag","embeddable":true,"href":"https:\/\/www.oparanews.com.br\/index.php\/wp-json\/wp\/v2\/tags?post=13347"}],"curies":[{"name":"wp","href":"https:\/\/api.w.org\/{rel}","templated":true}]}}