{"id":13349,"date":"2021-02-28T21:51:17","date_gmt":"2021-02-28T21:51:17","guid":{"rendered":"https:\/\/oparanews.com.br\/?p=13349"},"modified":"2021-02-28T21:51:17","modified_gmt":"2021-02-28T21:51:17","slug":"colisao-entre-carro-e-moto-deixa-duas-pessoas-feridas-em-marechal-deodoro","status":"publish","type":"post","link":"https:\/\/www.oparanews.com.br\/index.php\/2021\/02\/28\/colisao-entre-carro-e-moto-deixa-duas-pessoas-feridas-em-marechal-deodoro\/","title":{"rendered":"Colis\u00e3o entre carro e moto deixa duas pessoas feridas em Marechal Deodoro"},"content":{"rendered":"<p>Uma colis\u00e3o entre um carro e uma moto deixou duas pessoas feridas neste domingo (28) na AL-215, em Marechal Deodoro.<\/p>\n<p>Segundo o Batalh\u00e3o de Pol\u00edcia Rodovi\u00e1rio (BPRv), o acidente ocorreu em frente a um restaurante por volta de 11h30. O condutor do Fiat tentou fazer uma convers\u00e3o \u00e0 esquerda e colidiu contra a moto.<\/p>\n<p>O motociclista Jos\u00e9 Febr\u00f4nio de Souza e a passageira Vaneide Gomes Alves ficaram feridos e foram socorridos para o Hospital Geral do Estado (HGE). N\u00e3o h\u00e1 informa\u00e7\u00f5es sobre o estado de sa\u00fade deles.<\/p>\n<p>&nbsp;<\/p>\n<p><strong>Fonte: G1\/AL<\/strong><\/p>\n<p>&nbsp;<\/p>\n","protected":false},"excerpt":{"rendered":"<p>Uma colis\u00e3o entre um carro e uma moto deixou duas pessoas feridas neste domingo (28) na AL-215, em Marechal Deodoro. Segundo o Batalh\u00e3o de Pol\u00edcia Rodovi\u00e1rio (BPRv), o acidente ocorreu em frente a um restaurante por volta de 11h30. O condutor do Fiat tentou fazer uma convers\u00e3o \u00e0 esquerda e colidiu contra a moto. O &hellip;<\/p>\n","protected":false},"author":1,"featured_media":13350,"comment_status":"closed","ping_status":"closed","sticky":false,"template":"","format":"standard","meta":{"_jetpack_newsletter_access":"","_jetpack_dont_email_post_to_subs":false,"_jetpack_newsletter_tier_id":0,"_jetpack_memberships_contains_paywalled_content":false,"_jetpack_memberships_contains_paid_content":false,"footnotes":""},"categories":[1],"tags":[],"class_list":["post-13349","post","type-post","status-publish","format-standard","has-post-thumbnail","hentry","category-destaque"],"jetpack_sharing_enabled":true,"jetpack_featured_media_url":"","_links":{"self":[{"href":"https:\/\/www.oparanews.com.br\/index.php\/wp-json\/wp\/v2\/posts\/13349","targetHints":{"allow":["GET"]}}],"collection":[{"href":"https:\/\/www.oparanews.com.br\/index.php\/wp-json\/wp\/v2\/posts"}],"about":[{"href":"https:\/\/www.oparanews.com.br\/index.php\/wp-json\/wp\/v2\/types\/post"}],"author":[{"embeddable":true,"href":"https:\/\/www.oparanews.com.br\/index.php\/wp-json\/wp\/v2\/users\/1"}],"replies":[{"embeddable":true,"href":"https:\/\/www.oparanews.com.br\/index.php\/wp-json\/wp\/v2\/comments?post=13349"}],"version-history":[{"count":0,"href":"https:\/\/www.oparanews.com.br\/index.php\/wp-json\/wp\/v2\/posts\/13349\/revisions"}],"wp:attachment":[{"href":"https:\/\/www.oparanews.com.br\/index.php\/wp-json\/wp\/v2\/media?parent=13349"}],"wp:term":[{"taxonomy":"category","embeddable":true,"href":"https:\/\/www.oparanews.com.br\/index.php\/wp-json\/wp\/v2\/categories?post=13349"},{"taxonomy":"post_tag","embeddable":true,"href":"https:\/\/www.oparanews.com.br\/index.php\/wp-json\/wp\/v2\/tags?post=13349"}],"curies":[{"name":"wp","href":"https:\/\/api.w.org\/{rel}","templated":true}]}}