{"id":13352,"date":"2021-02-28T22:43:00","date_gmt":"2021-02-28T22:43:00","guid":{"rendered":"https:\/\/oparanews.com.br\/?p=13352"},"modified":"2021-02-28T22:43:00","modified_gmt":"2021-02-28T22:43:00","slug":"bolsonaro-sobre-falta-de-utis-sempre-teve-seus-problemas","status":"publish","type":"post","link":"https:\/\/www.oparanews.com.br\/index.php\/2021\/02\/28\/bolsonaro-sobre-falta-de-utis-sempre-teve-seus-problemas\/","title":{"rendered":"Bolsonaro sobre falta de UTIs: &#8220;Sempre teve seus problemas&#8221;"},"content":{"rendered":"<p>O presidente Jair Bolsonaro voltou a criticar medidas de restri\u00e7\u00e3o anunciadas por alguns governadores para barrar a dissemina\u00e7\u00e3o do coronav\u00edrus e disse que a sa\u00fade &#8220;sempre teve seus problemas&#8221;.<\/p>\n<p>&#8220;A sa\u00fade no Brasil sempre teve seus problemas. A falta de UTIs era um deles e certamente um dos piores&#8221;, afirmou em postagem no Twitter ao comentar uma foto, tamb\u00e9m na postagem, de t\u00edtulo e linha fina de uma reportagem do G1 de mar\u00e7o de 2015 sobre falta de leitos de UTI no pa\u00eds.<\/p>\n<p>&#8220;HOJE, ao FECHAREM O COM\u00c9RCIO e novamente te obrigar a FICAR EM CASA, vem o DESEMPREGO EM MASSA com consequ\u00eancias desastrosas para o pa\u00eds&#8221;, completou o presidente em texto na rede social.<\/p>\n<p>Em postagens seguintes, Bolsonaro listou valores repassados pelo governo federal a Estados em 2020, incluindo recursos referentes ao aux\u00edlio emergencial.<\/p>\n<p>O presidente voltou recentemente a explicitar cr\u00edticas a medidas de isolamento social, mesmo com a m\u00e9dia m\u00f3vel de mortes no pa\u00eds por covid-19 batendo picos desde o in\u00edcio da pandemia.<\/p>\n<p>&nbsp;<\/p>\n<p><strong>Fonte: Terra<\/strong><\/p>\n<p>&nbsp;<\/p>\n","protected":false},"excerpt":{"rendered":"<p>O presidente Jair Bolsonaro voltou a criticar medidas de restri\u00e7\u00e3o anunciadas por alguns governadores para barrar a dissemina\u00e7\u00e3o do coronav\u00edrus e disse que a sa\u00fade &#8220;sempre teve seus problemas&#8221;. &#8220;A sa\u00fade no Brasil sempre teve seus problemas. A falta de UTIs era um deles e certamente um dos piores&#8221;, afirmou em postagem no Twitter ao &hellip;<\/p>\n","protected":false},"author":1,"featured_media":13353,"comment_status":"closed","ping_status":"closed","sticky":false,"template":"","format":"standard","meta":{"_jetpack_newsletter_access":"","_jetpack_dont_email_post_to_subs":false,"_jetpack_newsletter_tier_id":0,"_jetpack_memberships_contains_paywalled_content":false,"_jetpack_memberships_contains_paid_content":false,"footnotes":""},"categories":[1],"tags":[],"class_list":["post-13352","post","type-post","status-publish","format-standard","has-post-thumbnail","hentry","category-destaque"],"jetpack_sharing_enabled":true,"jetpack_featured_media_url":"","_links":{"self":[{"href":"https:\/\/www.oparanews.com.br\/index.php\/wp-json\/wp\/v2\/posts\/13352","targetHints":{"allow":["GET"]}}],"collection":[{"href":"https:\/\/www.oparanews.com.br\/index.php\/wp-json\/wp\/v2\/posts"}],"about":[{"href":"https:\/\/www.oparanews.com.br\/index.php\/wp-json\/wp\/v2\/types\/post"}],"author":[{"embeddable":true,"href":"https:\/\/www.oparanews.com.br\/index.php\/wp-json\/wp\/v2\/users\/1"}],"replies":[{"embeddable":true,"href":"https:\/\/www.oparanews.com.br\/index.php\/wp-json\/wp\/v2\/comments?post=13352"}],"version-history":[{"count":0,"href":"https:\/\/www.oparanews.com.br\/index.php\/wp-json\/wp\/v2\/posts\/13352\/revisions"}],"wp:attachment":[{"href":"https:\/\/www.oparanews.com.br\/index.php\/wp-json\/wp\/v2\/media?parent=13352"}],"wp:term":[{"taxonomy":"category","embeddable":true,"href":"https:\/\/www.oparanews.com.br\/index.php\/wp-json\/wp\/v2\/categories?post=13352"},{"taxonomy":"post_tag","embeddable":true,"href":"https:\/\/www.oparanews.com.br\/index.php\/wp-json\/wp\/v2\/tags?post=13352"}],"curies":[{"name":"wp","href":"https:\/\/api.w.org\/{rel}","templated":true}]}}