{"id":13361,"date":"2021-02-28T22:56:30","date_gmt":"2021-02-28T22:56:30","guid":{"rendered":"https:\/\/oparanews.com.br\/?p=13361"},"modified":"2021-02-28T22:56:30","modified_gmt":"2021-02-28T22:56:30","slug":"carlos-alberto-de-nobrega-esta-curado-da-covid-19","status":"publish","type":"post","link":"https:\/\/www.oparanews.com.br\/index.php\/2021\/02\/28\/carlos-alberto-de-nobrega-esta-curado-da-covid-19\/","title":{"rendered":"Carlos Alberto de N\u00f3brega est\u00e1 curado da Covid-19"},"content":{"rendered":"<p>O apresentador Carlos Alberto de N\u00f3brega est\u00e1 curado da Covid-19. A informa\u00e7\u00e3o foi dada pela assessoria do SBT em nota enviada ao Uol na tarde deste domingo (28).<\/p>\n<p>Segundo as informa\u00e7\u00f5es, o apresentador j\u00e1 recebeu a not\u00edcia e deve ter alta do hospital S\u00edrio Liban\u00eas, em S\u00e3o Paulo, na pr\u00f3xima semana.<\/p>\n<p>Na \u00faltima semana, ele e a sua esposa, a m\u00e9dica Renata Domingues, de 43 anos, foram internados depois de apresentarem sintomas da covid-19.<\/p>\n<p>&nbsp;<\/p>\n<p><strong>Fonte: ISTO\u00c9<\/strong><\/p>\n<p>&nbsp;<\/p>\n","protected":false},"excerpt":{"rendered":"<p>O apresentador Carlos Alberto de N\u00f3brega est\u00e1 curado da Covid-19. A informa\u00e7\u00e3o foi dada pela assessoria do SBT em nota enviada ao Uol na tarde deste domingo (28). Segundo as informa\u00e7\u00f5es, o apresentador j\u00e1 recebeu a not\u00edcia e deve ter alta do hospital S\u00edrio Liban\u00eas, em S\u00e3o Paulo, na pr\u00f3xima semana. Na \u00faltima semana, ele &hellip;<\/p>\n","protected":false},"author":1,"featured_media":13362,"comment_status":"closed","ping_status":"closed","sticky":false,"template":"","format":"standard","meta":{"_jetpack_newsletter_access":"","_jetpack_dont_email_post_to_subs":false,"_jetpack_newsletter_tier_id":0,"_jetpack_memberships_contains_paywalled_content":false,"_jetpack_memberships_contains_paid_content":false,"footnotes":""},"categories":[1],"tags":[],"class_list":["post-13361","post","type-post","status-publish","format-standard","has-post-thumbnail","hentry","category-destaque"],"jetpack_sharing_enabled":true,"jetpack_featured_media_url":"","_links":{"self":[{"href":"https:\/\/www.oparanews.com.br\/index.php\/wp-json\/wp\/v2\/posts\/13361","targetHints":{"allow":["GET"]}}],"collection":[{"href":"https:\/\/www.oparanews.com.br\/index.php\/wp-json\/wp\/v2\/posts"}],"about":[{"href":"https:\/\/www.oparanews.com.br\/index.php\/wp-json\/wp\/v2\/types\/post"}],"author":[{"embeddable":true,"href":"https:\/\/www.oparanews.com.br\/index.php\/wp-json\/wp\/v2\/users\/1"}],"replies":[{"embeddable":true,"href":"https:\/\/www.oparanews.com.br\/index.php\/wp-json\/wp\/v2\/comments?post=13361"}],"version-history":[{"count":0,"href":"https:\/\/www.oparanews.com.br\/index.php\/wp-json\/wp\/v2\/posts\/13361\/revisions"}],"wp:attachment":[{"href":"https:\/\/www.oparanews.com.br\/index.php\/wp-json\/wp\/v2\/media?parent=13361"}],"wp:term":[{"taxonomy":"category","embeddable":true,"href":"https:\/\/www.oparanews.com.br\/index.php\/wp-json\/wp\/v2\/categories?post=13361"},{"taxonomy":"post_tag","embeddable":true,"href":"https:\/\/www.oparanews.com.br\/index.php\/wp-json\/wp\/v2\/tags?post=13361"}],"curies":[{"name":"wp","href":"https:\/\/api.w.org\/{rel}","templated":true}]}}