{"id":13367,"date":"2021-03-01T15:38:09","date_gmt":"2021-03-01T15:38:09","guid":{"rendered":"https:\/\/oparanews.com.br\/?p=13367"},"modified":"2021-03-01T15:38:09","modified_gmt":"2021-03-01T15:38:09","slug":"petrobras-eleva-o-preco-da-gasolina-pela-5a-vez-no-ano","status":"publish","type":"post","link":"https:\/\/www.oparanews.com.br\/index.php\/2021\/03\/01\/petrobras-eleva-o-preco-da-gasolina-pela-5a-vez-no-ano\/","title":{"rendered":"Petrobras eleva o pre\u00e7o da gasolina pela 5\u00aa vez no ano"},"content":{"rendered":"<p>A Petrobras vai elevar o pre\u00e7o m\u00e9dio do litro da gasolina em R$ 0,12 e do diesel em R$ 0,13 em seus pontos de venda a partir de ter\u00e7a-feira.<\/p>\n<p>Deste modo, o pre\u00e7o m\u00e9dio de venda de diesel para as distribuidoras sofre 5% de reajuste e passar\u00e1 a ser de R$ 2,71 por litro. J\u00e1 o pre\u00e7o m\u00e9dio da gasolina ter\u00e1 um reajuste de 4,8% e subir\u00e1 para R$ 2,60 por litro.<\/p>\n<p>A estatal tamb\u00e9m anunciou um aumento m\u00e9dio de R$ 0,15 por quilograma no pre\u00e7o m\u00e9dio de venda do g\u00e1s liquefeito de petr\u00f3leo (GLP), que passar\u00e1 a custar R$ 3,05 por quilograma ap\u00f3s 5,2% de reajuste.<\/p>\n<p>Os percentuais de aumento foram calculados pelo Valor. A Petrobras informou, em comunicado, os acr\u00e9scimos em valores no litro de cada combust\u00edvel.<\/p>\n<p>A estatal afirmou, em nota, que os valores t\u00eam como refer\u00eancia os pre\u00e7os de paridade de importa\u00e7\u00e3o e acompanham as varia\u00e7\u00f5es dos produtos no mercado internacional e da taxa de c\u00e2mbio.<\/p>\n<p>A companhia tamb\u00e9m lembrou que divulga em seu site os pre\u00e7os praticados por local e modalidade de venda. A petroleira ressaltou que os valores praticados nas refinarias s\u00e3o diferentes dos percebidos pelo consumidor final no varejo.<\/p>\n<p>\u201cAt\u00e9 chegar ao consumidor s\u00e3o acrescidos tributos federais e estaduais, custos para aquisi\u00e7\u00e3o e mistura obrigat\u00f3ria de biocombust\u00edveis pelas distribuidoras, no caso da gasolina e do diesel, al\u00e9m dos custos e margens das companhias distribuidoras e dos revendedores de combust\u00edveis\u201d, afirmou em nota a Petrobras.<\/p>\n<p>&nbsp;<\/p>\n<p><strong>Fonte: Valor<\/strong><\/p>\n<p>&nbsp;<\/p>\n","protected":false},"excerpt":{"rendered":"<p>A Petrobras vai elevar o pre\u00e7o m\u00e9dio do litro da gasolina em R$ 0,12 e do diesel em R$ 0,13 em seus pontos de venda a partir de ter\u00e7a-feira. Deste modo, o pre\u00e7o m\u00e9dio de venda de diesel para as distribuidoras sofre 5% de reajuste e passar\u00e1 a ser de R$ 2,71 por litro. J\u00e1 &hellip;<\/p>\n","protected":false},"author":1,"featured_media":13368,"comment_status":"closed","ping_status":"closed","sticky":false,"template":"","format":"standard","meta":{"_jetpack_newsletter_access":"","_jetpack_dont_email_post_to_subs":false,"_jetpack_newsletter_tier_id":0,"_jetpack_memberships_contains_paywalled_content":false,"_jetpack_memberships_contains_paid_content":false,"footnotes":""},"categories":[1],"tags":[],"class_list":["post-13367","post","type-post","status-publish","format-standard","has-post-thumbnail","hentry","category-destaque"],"jetpack_sharing_enabled":true,"jetpack_featured_media_url":"","_links":{"self":[{"href":"https:\/\/www.oparanews.com.br\/index.php\/wp-json\/wp\/v2\/posts\/13367","targetHints":{"allow":["GET"]}}],"collection":[{"href":"https:\/\/www.oparanews.com.br\/index.php\/wp-json\/wp\/v2\/posts"}],"about":[{"href":"https:\/\/www.oparanews.com.br\/index.php\/wp-json\/wp\/v2\/types\/post"}],"author":[{"embeddable":true,"href":"https:\/\/www.oparanews.com.br\/index.php\/wp-json\/wp\/v2\/users\/1"}],"replies":[{"embeddable":true,"href":"https:\/\/www.oparanews.com.br\/index.php\/wp-json\/wp\/v2\/comments?post=13367"}],"version-history":[{"count":0,"href":"https:\/\/www.oparanews.com.br\/index.php\/wp-json\/wp\/v2\/posts\/13367\/revisions"}],"wp:attachment":[{"href":"https:\/\/www.oparanews.com.br\/index.php\/wp-json\/wp\/v2\/media?parent=13367"}],"wp:term":[{"taxonomy":"category","embeddable":true,"href":"https:\/\/www.oparanews.com.br\/index.php\/wp-json\/wp\/v2\/categories?post=13367"},{"taxonomy":"post_tag","embeddable":true,"href":"https:\/\/www.oparanews.com.br\/index.php\/wp-json\/wp\/v2\/tags?post=13367"}],"curies":[{"name":"wp","href":"https:\/\/api.w.org\/{rel}","templated":true}]}}