{"id":13376,"date":"2021-03-01T16:14:38","date_gmt":"2021-03-01T16:14:38","guid":{"rendered":"https:\/\/oparanews.com.br\/?p=13376"},"modified":"2021-03-01T16:14:38","modified_gmt":"2021-03-01T16:14:38","slug":"saude-de-penedo-vacina-idosos-de-79-a-82-anos-contra-covid-19","status":"publish","type":"post","link":"https:\/\/www.oparanews.com.br\/index.php\/2021\/03\/01\/saude-de-penedo-vacina-idosos-de-79-a-82-anos-contra-covid-19\/","title":{"rendered":"Sa\u00fade de Penedo vacina idosos de 79 a 82 anos contra Covid-19"},"content":{"rendered":"<p>A campanha de vacina\u00e7\u00e3o contra Covid-19 tem continuidade em Penedo nesta segunda-feira, 1\u00ba de mar\u00e7o, a partir das 14h30, com uma nova faixa et\u00e1ria para o p\u00fablico priorit\u00e1rio.<\/p>\n<p>Nessa etapa ser\u00e3o vacinados idosos de 79 a 82 anos de idade, que dever\u00e3o se dirigir a Central de Vacina\u00e7\u00e3o contra Covid-19, localizada na Escola Estadual Professor Ernani Mero.<\/p>\n<p>Com o recebimento por parte da Secretaria de Sa\u00fade de Penedo de mais 660 doses do imunizante contra o novo coronav\u00edrus, o munic\u00edpio passa a vacinar, al\u00e9m da nova faixa et\u00e1ria estipulada, mais profissionais de sa\u00fade que atuam no combate \u00e0 pandemia.<\/p>\n<p>De acordo com Jamila Peixoto, Diretora de Epidemiologia e Imuniza\u00e7\u00e3o da SEMS Penedo, do total de doses recebidas, 560 s\u00e3o da Oxford e ser\u00e3o destinadas a popula\u00e7\u00e3o de 79 a 82 anos, outras 100 doses s\u00e3o do imunizante Coronavac, sendo utilizadas para vacina\u00e7\u00e3o dos profissionais da sa\u00fade.<\/p>\n<p>Entre os profissionais da sa\u00fade imunizados nessa etapa est\u00e3o os funcion\u00e1rios da aten\u00e7\u00e3o primaria do munic\u00edpio, motoristas da UPA e funcion\u00e1rios da Santa Casa de Miseric\u00f3rdia de Penedo.<\/p>\n<p><strong>Vacinas<\/strong><\/p>\n<p>De acordo com a SEMS Penedo, J\u00e1 foram vacinados em Penedo 1.486 pessoas at\u00e9 o momento, entre profissionais da sa\u00fade e idosos da faixa et\u00e1ria entre 83 e 85 anos.<\/p>\n<p>Os vacinados devem retornar \u00e0 Central de Vacina\u00e7\u00e3o Contra Covid-19 de Penedo em 21 dias, per\u00edodo estabelecido para a segunda dose da vacina Coronavac.<\/p>\n<p>A vacina\u00e7\u00e3o em Penedo teve in\u00edcio no \u00faltimo 21 de janeiro, quando o munic\u00edpio recebeu as primeiras 497 do imunizante contra Covid-19.<\/p>\n<p>Desde essa data Penedo n\u00e3o parou de vacinar, sendo poss\u00edvel a inclus\u00e3o de novas faixas et\u00e1rias do grupo priorit\u00e1rio, conforme chegam novas doses para prosseguir com a vacina\u00e7\u00e3o.<\/p>\n<p>Al\u00e9m disso, a Secretaria de Sa\u00fade da Prefeitura de Penedo realiza a vacina\u00e7\u00e3o a domicilio para os idosos acamados ou com problemas de locomo\u00e7\u00e3o tanto na zona urbana, quanto rural do munic\u00edpio.<\/p>\n<p>&nbsp;<\/p>\n<p><strong>Fonte: Decom &#8211; PMP<\/strong><\/p>\n<p>&nbsp;<\/p>\n","protected":false},"excerpt":{"rendered":"<p>A campanha de vacina\u00e7\u00e3o contra Covid-19 tem continuidade em Penedo nesta segunda-feira, 1\u00ba de mar\u00e7o, a partir das 14h30, com uma nova faixa et\u00e1ria para o p\u00fablico priorit\u00e1rio. Nessa etapa ser\u00e3o vacinados idosos de 79 a 82 anos de idade, que dever\u00e3o se dirigir a Central de Vacina\u00e7\u00e3o contra Covid-19, localizada na Escola Estadual Professor &hellip;<\/p>\n","protected":false},"author":1,"featured_media":13377,"comment_status":"closed","ping_status":"closed","sticky":false,"template":"","format":"standard","meta":{"_jetpack_newsletter_access":"","_jetpack_dont_email_post_to_subs":false,"_jetpack_newsletter_tier_id":0,"_jetpack_memberships_contains_paywalled_content":false,"_jetpack_memberships_contains_paid_content":false,"footnotes":""},"categories":[1],"tags":[],"class_list":["post-13376","post","type-post","status-publish","format-standard","has-post-thumbnail","hentry","category-destaque"],"jetpack_sharing_enabled":true,"jetpack_featured_media_url":"","_links":{"self":[{"href":"https:\/\/www.oparanews.com.br\/index.php\/wp-json\/wp\/v2\/posts\/13376","targetHints":{"allow":["GET"]}}],"collection":[{"href":"https:\/\/www.oparanews.com.br\/index.php\/wp-json\/wp\/v2\/posts"}],"about":[{"href":"https:\/\/www.oparanews.com.br\/index.php\/wp-json\/wp\/v2\/types\/post"}],"author":[{"embeddable":true,"href":"https:\/\/www.oparanews.com.br\/index.php\/wp-json\/wp\/v2\/users\/1"}],"replies":[{"embeddable":true,"href":"https:\/\/www.oparanews.com.br\/index.php\/wp-json\/wp\/v2\/comments?post=13376"}],"version-history":[{"count":0,"href":"https:\/\/www.oparanews.com.br\/index.php\/wp-json\/wp\/v2\/posts\/13376\/revisions"}],"wp:attachment":[{"href":"https:\/\/www.oparanews.com.br\/index.php\/wp-json\/wp\/v2\/media?parent=13376"}],"wp:term":[{"taxonomy":"category","embeddable":true,"href":"https:\/\/www.oparanews.com.br\/index.php\/wp-json\/wp\/v2\/categories?post=13376"},{"taxonomy":"post_tag","embeddable":true,"href":"https:\/\/www.oparanews.com.br\/index.php\/wp-json\/wp\/v2\/tags?post=13376"}],"curies":[{"name":"wp","href":"https:\/\/api.w.org\/{rel}","templated":true}]}}