{"id":13385,"date":"2021-03-01T16:22:59","date_gmt":"2021-03-01T16:22:59","guid":{"rendered":"https:\/\/oparanews.com.br\/?p=13385"},"modified":"2021-03-01T16:22:59","modified_gmt":"2021-03-01T16:22:59","slug":"cuca-volta-a-ser-plano-a-do-atletico-mg","status":"publish","type":"post","link":"https:\/\/www.oparanews.com.br\/index.php\/2021\/03\/01\/cuca-volta-a-ser-plano-a-do-atletico-mg\/","title":{"rendered":"Cuca volta a ser &#8216;Plano A&#8217; do Atl\u00e9tico-MG"},"content":{"rendered":"<p>Renato Ga\u00facho fica mais longe do Galo e Cuca volta a ser \u201cPlano A\u201d do time mineiro para o ano de 2021, ap\u00f3s a sa\u00edda de Jorge Sampaoli. As negocia\u00e7\u00f5es entre Atl\u00e9tico-MG e Renato Ga\u00facho travaram e n\u00e3o devem ter uma retomada, mesmo com o treinador do Gr\u00eamio ficando sem contrato em breve.<\/p>\n<p>A informa\u00e7\u00e3o foi veiculada inicialmente pelo rep\u00f3rter Rafael Pfeiffer, da R\u00e1dio Gua\u00edba, e confirmada pelo L!. Com essa mudan\u00e7a de rumo, Cuca pode aparecer no alvinegro nos pr\u00f3ximos dias.<\/p>\n<p>O empres\u00e1rio de Renato veio a BH conversar com a dire\u00e7\u00e3o do Galo, mas o clube mineiro n\u00e3o quer esperar at\u00e9 o fim da Copa do Brasil, em que o Gr\u00eamio decide o t\u00edtulo com o Palmeiras, para contar com o t\u00e9cnico. E, isso deu for\u00e7a para uma nova rodada de conversas com Cuca, que deixou o Santos ap\u00f3s o fim do Brasileir\u00e3o.<\/p>\n<p>Na \u00faltima sexta-feira, 26 de fevereiro, em entrevista ao BH Sports, o diretor de futebol Rodrigo Caetano falou do perfil que o clube quer para comandar a equipe este ano.<\/p>\n<p>&#8211; Num primeiro momento, a gente gostaria de esgotar as possibilidades entre os t\u00e9cnicos brasileiros, n\u00e3o deixando de lado tamb\u00e9m a possibilidade de t\u00e9cnicos estrangeiros, que \u00e9 uma realidade no nosso pa\u00eds. Mas eu acho muito importante, quando voc\u00ea est\u00e1 num clube desse tamanho, a pessoa que vier ter um entendimento do que o clube deseja dele &#8211; disse o dirigente.<\/p>\n<p>Cuca tem hist\u00f3ria no Atl\u00e9tico, quando ficou entre 2011 e 2013, com 153 jogos no comando do time, sendo bicampe\u00e3o mineiro (2012 e 2013) e campe\u00e3o da Libertadores (2013).<\/p>\n<p>A defini\u00e7\u00e3o de Cuca no Galo deve acontecer r\u00e1pido. Mas, se houver uma negativa do treinador, o time mineiro voltar\u00e1 \u00e0 estaca zero na busca por um comandante.<\/p>\n<p>&nbsp;<\/p>\n<p><strong>Fonte: GE<\/strong><\/p>\n<p>&nbsp;<\/p>\n","protected":false},"excerpt":{"rendered":"<p>Renato Ga\u00facho fica mais longe do Galo e Cuca volta a ser \u201cPlano A\u201d do time mineiro para o ano de 2021, ap\u00f3s a sa\u00edda de Jorge Sampaoli. As negocia\u00e7\u00f5es entre Atl\u00e9tico-MG e Renato Ga\u00facho travaram e n\u00e3o devem ter uma retomada, mesmo com o treinador do Gr\u00eamio ficando sem contrato em breve. A informa\u00e7\u00e3o &hellip;<\/p>\n","protected":false},"author":1,"featured_media":13386,"comment_status":"closed","ping_status":"closed","sticky":false,"template":"","format":"standard","meta":{"_jetpack_newsletter_access":"","_jetpack_dont_email_post_to_subs":false,"_jetpack_newsletter_tier_id":0,"_jetpack_memberships_contains_paywalled_content":false,"_jetpack_memberships_contains_paid_content":false,"footnotes":""},"categories":[1],"tags":[],"class_list":["post-13385","post","type-post","status-publish","format-standard","has-post-thumbnail","hentry","category-destaque"],"jetpack_sharing_enabled":true,"jetpack_featured_media_url":"","_links":{"self":[{"href":"https:\/\/www.oparanews.com.br\/index.php\/wp-json\/wp\/v2\/posts\/13385","targetHints":{"allow":["GET"]}}],"collection":[{"href":"https:\/\/www.oparanews.com.br\/index.php\/wp-json\/wp\/v2\/posts"}],"about":[{"href":"https:\/\/www.oparanews.com.br\/index.php\/wp-json\/wp\/v2\/types\/post"}],"author":[{"embeddable":true,"href":"https:\/\/www.oparanews.com.br\/index.php\/wp-json\/wp\/v2\/users\/1"}],"replies":[{"embeddable":true,"href":"https:\/\/www.oparanews.com.br\/index.php\/wp-json\/wp\/v2\/comments?post=13385"}],"version-history":[{"count":0,"href":"https:\/\/www.oparanews.com.br\/index.php\/wp-json\/wp\/v2\/posts\/13385\/revisions"}],"wp:attachment":[{"href":"https:\/\/www.oparanews.com.br\/index.php\/wp-json\/wp\/v2\/media?parent=13385"}],"wp:term":[{"taxonomy":"category","embeddable":true,"href":"https:\/\/www.oparanews.com.br\/index.php\/wp-json\/wp\/v2\/categories?post=13385"},{"taxonomy":"post_tag","embeddable":true,"href":"https:\/\/www.oparanews.com.br\/index.php\/wp-json\/wp\/v2\/tags?post=13385"}],"curies":[{"name":"wp","href":"https:\/\/api.w.org\/{rel}","templated":true}]}}