{"id":13388,"date":"2021-03-02T10:53:06","date_gmt":"2021-03-02T10:53:06","guid":{"rendered":"https:\/\/oparanews.com.br\/?p=13388"},"modified":"2021-03-02T10:53:06","modified_gmt":"2021-03-02T10:53:06","slug":"governador-e-secretario-de-saude-anunciam-novos-leitos-em-arapiraca","status":"publish","type":"post","link":"https:\/\/www.oparanews.com.br\/index.php\/2021\/03\/02\/governador-e-secretario-de-saude-anunciam-novos-leitos-em-arapiraca\/","title":{"rendered":"Governador e secret\u00e1rio de Sa\u00fade anunciam novos leitos em Arapiraca"},"content":{"rendered":"<p>O governador Renan Filho e o secret\u00e1rio de Estado da Sa\u00fade, Alexandre Ayres, se reuniram, nesta segunda-feira (1), com o prefeito de Arapiraca, Luciano Barbosa, e com a secret\u00e1ria municipal de Sa\u00fade, Luciana Fonseca. O encontro aconteceu na sede da prefeitura e serviu para tratar das a\u00e7\u00f5es conjuntas de enfrentamento \u00e0 pandemia da Covid-19. Eles anunciaram a abertura de novos leitos exclusivos para o tratamento da doen\u00e7a no munic\u00edpio e regi\u00e3o.<\/p>\n<p>\u201cAnunciamos a abertura de leitos aqui em Arapiraca; j\u00e1 fizemos isso no Hospital Chama, que est\u00e1 oferecendo novos leitos. Abrimos, ainda, novas vagas na regi\u00e3o. Hoje estamos disponibilizando 15 novos leitos no Hospital Carvalho Beltr\u00e3o, l\u00e1 em Coruripe; leitos novos tamb\u00e9m em Penedo, em S\u00e3o Miguel dos Campos e em Palmeira dos \u00cdndios pra dividir um pouco a responsabilidade com Arapiraca de atender as pessoas no interior\u201d informou o governador.<\/p>\n<p>\u201cTamb\u00e9m estamos avaliando a necessidade da abertura de novos leitos por requisi\u00e7\u00f5es administrativas em hospitais para que a gente chegue ao final dessa pandemia, se Deus quiser, com a vacina\u00e7\u00e3o de nossa gente, sem ver o Estado de Alagoas sofrer com o colapso por que passam outros estados nesse momento\u201d, acrescentou.<\/p>\n<p>O secret\u00e1rio Alexandre Ayres destacou a import\u00e2ncia da integra\u00e7\u00e3o dos trabalhos das secretarias estadual e municipal de Sa\u00fade para o enfrentamento \u00e0 pandemia em Arapiraca, cujos n\u00fameros da doen\u00e7a t\u00eam crescido no munic\u00edpio e regi\u00e3o.<\/p>\n<p>\u201cA gente tem empreendido esfor\u00e7os para ampliarmos leitos e focarmos no tratamento, acompanhamento e no monitoramento desses pacientes. Temos visto uma amplia\u00e7\u00e3o do n\u00famero de casos n\u00e3o s\u00f3 em Arapiraca, mas em outros munic\u00edpios do Agreste e do Sert\u00e3o de Alagoas e contra isso a gente tem articulado com os munic\u00edpios para, al\u00e9m de ampliarmos a capacidade hospitalar, elevarmos tamb\u00e9m a fiscaliza\u00e7\u00e3o, porque tenho dito desde o in\u00edcio: sem a participa\u00e7\u00e3o da sociedade a gente n\u00e3o vai conseguir vencer o v\u00edrus. O cidad\u00e3o precisa entender o seu papel de protagonismo nesse enfrentamento\u201d, ponderou Ayres.<\/p>\n<p>Vacinas e respiradores<\/p>\n<p>Renan Filho viaja a Bras\u00edlia (DF) onde, nesta ter\u00e7a-feira (2), pretende firmar compromisso para a compra de vacinas contra a Covid-19. Ele j\u00e1 havia afirmado que o Estado provisionara recursos pr\u00f3prios para a aquisi\u00e7\u00e3o dos imunizantes, caso o governo federal n\u00e3o os forne\u00e7a em quantidade suficiente.<\/p>\n<p>Al\u00e9m disso, o governador vai requisitar ao Minist\u00e9rio da Sa\u00fade 50 respiradores para ampliar os leitos de UTI em Alagoas.<\/p>\n<p>&nbsp;<\/p>\n<p><strong>Fonte: Ag\u00eancia Alagoas<\/strong><\/p>\n<p>&nbsp;<\/p>\n","protected":false},"excerpt":{"rendered":"<p>O governador Renan Filho e o secret\u00e1rio de Estado da Sa\u00fade, Alexandre Ayres, se reuniram, nesta segunda-feira (1), com o prefeito de Arapiraca, Luciano Barbosa, e com a secret\u00e1ria municipal de Sa\u00fade, Luciana Fonseca. O encontro aconteceu na sede da prefeitura e serviu para tratar das a\u00e7\u00f5es conjuntas de enfrentamento \u00e0 pandemia da Covid-19. Eles &hellip;<\/p>\n","protected":false},"author":1,"featured_media":13389,"comment_status":"closed","ping_status":"closed","sticky":false,"template":"","format":"standard","meta":{"_jetpack_newsletter_access":"","_jetpack_dont_email_post_to_subs":false,"_jetpack_newsletter_tier_id":0,"_jetpack_memberships_contains_paywalled_content":false,"_jetpack_memberships_contains_paid_content":false,"footnotes":""},"categories":[1],"tags":[],"class_list":["post-13388","post","type-post","status-publish","format-standard","has-post-thumbnail","hentry","category-destaque"],"jetpack_sharing_enabled":true,"jetpack_featured_media_url":"","_links":{"self":[{"href":"https:\/\/www.oparanews.com.br\/index.php\/wp-json\/wp\/v2\/posts\/13388","targetHints":{"allow":["GET"]}}],"collection":[{"href":"https:\/\/www.oparanews.com.br\/index.php\/wp-json\/wp\/v2\/posts"}],"about":[{"href":"https:\/\/www.oparanews.com.br\/index.php\/wp-json\/wp\/v2\/types\/post"}],"author":[{"embeddable":true,"href":"https:\/\/www.oparanews.com.br\/index.php\/wp-json\/wp\/v2\/users\/1"}],"replies":[{"embeddable":true,"href":"https:\/\/www.oparanews.com.br\/index.php\/wp-json\/wp\/v2\/comments?post=13388"}],"version-history":[{"count":0,"href":"https:\/\/www.oparanews.com.br\/index.php\/wp-json\/wp\/v2\/posts\/13388\/revisions"}],"wp:attachment":[{"href":"https:\/\/www.oparanews.com.br\/index.php\/wp-json\/wp\/v2\/media?parent=13388"}],"wp:term":[{"taxonomy":"category","embeddable":true,"href":"https:\/\/www.oparanews.com.br\/index.php\/wp-json\/wp\/v2\/categories?post=13388"},{"taxonomy":"post_tag","embeddable":true,"href":"https:\/\/www.oparanews.com.br\/index.php\/wp-json\/wp\/v2\/tags?post=13388"}],"curies":[{"name":"wp","href":"https:\/\/api.w.org\/{rel}","templated":true}]}}