{"id":13394,"date":"2021-03-02T11:00:58","date_gmt":"2021-03-02T11:00:58","guid":{"rendered":"https:\/\/oparanews.com.br\/?p=13394"},"modified":"2021-03-02T11:00:58","modified_gmt":"2021-03-02T11:00:58","slug":"penedo-e-homenageada-por-grupos-de-canto-coral","status":"publish","type":"post","link":"https:\/\/www.oparanews.com.br\/index.php\/2021\/03\/02\/penedo-e-homenageada-por-grupos-de-canto-coral\/","title":{"rendered":"Penedo \u00e9 homenageada por grupos de canto coral"},"content":{"rendered":"<p>Can\u00e7\u00f5es sobre Penedo, m\u00fasicas de autores penedenses ou que enaltecem a riqueza cultural e hist\u00f3rica da Cidade dos Sobrados estar\u00e3o, em breve, dispon\u00edveis ao p\u00fablico.<\/p>\n<p>Os registros feitos com apoio da Prefeitura de Penedo \u2013 por meio da Secretaria Municipal de Cultura, Lazer, Esporte e Juventude \u2013 tiveram mais uma etapa conclu\u00edda neste final de semana.<\/p>\n<p>O trabalho que eterniza a homenagem reuniu componentes do Imperial Coro do Penedo no audit\u00f3rio da unidade local do Instituto Federal de Alagoas durante todo o dia de s\u00e1bado, 27, espa\u00e7o com isolamento adequado para a grava\u00e7\u00e3o que precisou ser refeita, justamente por interfer\u00eancia no registro anterior.<\/p>\n<p>O repert\u00f3rio que tamb\u00e9m celebra os 15 anos do Imperial Coro do Penedo ganhou tratamento profissional no Theatro Sete de Setembro. A ac\u00fastica excelente da primeira casa de espet\u00e1culo de Alagoas propiciou a grava\u00e7\u00e3o feita no domingo, 15 de dezembro.<\/p>\n<p>A can\u00e7\u00e3o Dia de Festa \u2013 de autoria do penedense A\u00edlson Maia \u2013 foi selecionada para interpreta\u00e7\u00e3o do Imperial Coro do Penedo, mas acabou prejudicada por ru\u00eddo externo.<\/p>\n<p>Agora, a m\u00fasica que recebeu um novo arranjo e a reg\u00eancia da maestrina Patr\u00edcia Albuquerque ficou \u2018bem na fita\u2019.<\/p>\n<p>Na verdade, est\u00e1 bem melhor. Todas as vozes foram registradas individualmente ou agrupadas, conforme as caracter\u00edsticas dos integrantes, com uso de equipamentos profissionais, os mesmos utilizados no Theatro Sete de Setembro.<\/p>\n<p>Em 2019, por escassez de tempo e o retorno dos grupos \u00e0s cidades de origem, a grava\u00e7\u00e3o captava todas as vozes, de cada coro, ao mesmo tempo.<\/p>\n<p><strong>CD e plataforma de \u00e1udio<\/strong><\/p>\n<p>O material mixado e editado em Macei\u00f3 \u00e9 de responsabilidade do produtor musical Clilton Feitosa. O profissional renomado faz todo o processo de grava\u00e7\u00e3o, desde o in\u00edcio. A expectativa \u00e9 entregar a \u2018fita master\u2019 para a gravadora, situada em S\u00e3o Paulo, at\u00e9 o final de mar\u00e7o.<\/p>\n<p>As can\u00e7\u00f5es estar\u00e3o dispon\u00edveis em CD, com tiragem de mil unidades para distribui\u00e7\u00e3o pela SEMCLEJ e entre os grupos de canto coral que participam do Cantando Penedo.<\/p>\n<p>Al\u00e9m disso, a homenagem constar\u00e1 em plataforma digital de \u00e1udio, com acesso gratuito, alternativa a ser divulgada junto com o lan\u00e7amento da refinada produ\u00e7\u00e3o musical.<\/p>\n<p>&nbsp;<\/p>\n<p><strong>por Fernando Vin\u00edcius \u2013 Decom PMP<\/strong><\/p>\n<p>&nbsp;<\/p>\n","protected":false},"excerpt":{"rendered":"<p>Can\u00e7\u00f5es sobre Penedo, m\u00fasicas de autores penedenses ou que enaltecem a riqueza cultural e hist\u00f3rica da Cidade dos Sobrados estar\u00e3o, em breve, dispon\u00edveis ao p\u00fablico. Os registros feitos com apoio da Prefeitura de Penedo \u2013 por meio da Secretaria Municipal de Cultura, Lazer, Esporte e Juventude \u2013 tiveram mais uma etapa conclu\u00edda neste final de &hellip;<\/p>\n","protected":false},"author":1,"featured_media":13395,"comment_status":"closed","ping_status":"closed","sticky":false,"template":"","format":"standard","meta":{"_jetpack_newsletter_access":"","_jetpack_dont_email_post_to_subs":false,"_jetpack_newsletter_tier_id":0,"_jetpack_memberships_contains_paywalled_content":false,"_jetpack_memberships_contains_paid_content":false,"footnotes":""},"categories":[1],"tags":[],"class_list":["post-13394","post","type-post","status-publish","format-standard","has-post-thumbnail","hentry","category-destaque"],"jetpack_sharing_enabled":true,"jetpack_featured_media_url":"","_links":{"self":[{"href":"https:\/\/www.oparanews.com.br\/index.php\/wp-json\/wp\/v2\/posts\/13394","targetHints":{"allow":["GET"]}}],"collection":[{"href":"https:\/\/www.oparanews.com.br\/index.php\/wp-json\/wp\/v2\/posts"}],"about":[{"href":"https:\/\/www.oparanews.com.br\/index.php\/wp-json\/wp\/v2\/types\/post"}],"author":[{"embeddable":true,"href":"https:\/\/www.oparanews.com.br\/index.php\/wp-json\/wp\/v2\/users\/1"}],"replies":[{"embeddable":true,"href":"https:\/\/www.oparanews.com.br\/index.php\/wp-json\/wp\/v2\/comments?post=13394"}],"version-history":[{"count":0,"href":"https:\/\/www.oparanews.com.br\/index.php\/wp-json\/wp\/v2\/posts\/13394\/revisions"}],"wp:attachment":[{"href":"https:\/\/www.oparanews.com.br\/index.php\/wp-json\/wp\/v2\/media?parent=13394"}],"wp:term":[{"taxonomy":"category","embeddable":true,"href":"https:\/\/www.oparanews.com.br\/index.php\/wp-json\/wp\/v2\/categories?post=13394"},{"taxonomy":"post_tag","embeddable":true,"href":"https:\/\/www.oparanews.com.br\/index.php\/wp-json\/wp\/v2\/tags?post=13394"}],"curies":[{"name":"wp","href":"https:\/\/api.w.org\/{rel}","templated":true}]}}