{"id":13405,"date":"2021-03-02T11:58:11","date_gmt":"2021-03-02T11:58:11","guid":{"rendered":"https:\/\/oparanews.com.br\/?p=13405"},"modified":"2021-03-02T11:58:11","modified_gmt":"2021-03-02T11:58:11","slug":"temos-que-somar-forcas-para-tirar-o-entulho-diz-huck","status":"publish","type":"post","link":"https:\/\/www.oparanews.com.br\/index.php\/2021\/03\/02\/temos-que-somar-forcas-para-tirar-o-entulho-diz-huck\/","title":{"rendered":"&#8220;Temos que somar for\u00e7as para tirar o entulho&#8221;, diz Huck"},"content":{"rendered":"<p>O apresentador e empres\u00e1rio Luciano Huck disse, nesta segunda-feira, 1, que \u00e9 preciso tirar &#8220;um entulho do meio da sala&#8221;, ao se referir \u00e0 atua\u00e7\u00e3o do presidente Jair Bolsonaro diante da pandemia do novo coronav\u00edrus. Na fala, o potencial candidato \u00e0 Presid\u00eancia em 2022 n\u00e3o citou o nome do atual ocupante do Planalto.<\/p>\n<p>Ao lado da ex-ministra Marina Silva (Rede) e da ex-deputada Manuela D&#8217;\u00c1vila (PCdoB), Huck participou nesta manh\u00e3 do painel virtual Davos Lab Brasil, iniciativa do F\u00f3rum Econ\u00f4mico Mundial preparat\u00f3ria para a edi\u00e7\u00e3o deste ano do evento, prevista para ocorrer em agosto.<\/p>\n<p>Durante a transmiss\u00e3o, o trio foi un\u00edssono ao criticar o negacionismo do governo federal diante da pandemia e destacar a necessidade de uni\u00e3o em defesa da democracia.<\/p>\n<p>&#8220;A gente tem um entulho no meio da sala, neste momento. E a gente tem de somar for\u00e7as para tirar esse entulho do meio da rua ou do meio da sala. O que a gente est\u00e1 vivendo hoje \u00e9 um momento de muita incompet\u00eancia, de falta de planejamento, o negacionismo que gerou mais de 250 mil mortes e a gente n\u00e3o v\u00ea, a curto prazo, a perspectiva de solu\u00e7\u00e3o. N\u00e3o nos apresenta, esse momento do Brasil, hoje, nenhum tipo de perspectiva de futuro, um monte de bl\u00e1bl\u00e1bl\u00e1 que a gente t\u00e1 ouvindo. Eu n\u00e3o vejo nenhum tipo de perspectiva social, econ\u00f4mica, de meio ambiente, nem seguran\u00e7a p\u00fablica, muito menos de \u00e9tica&#8221;, disse Huck.<\/p>\n<p>Na avalia\u00e7\u00e3o de Marina, por conta da pol\u00edtica adotada pelo governo federal, tanto na economia quanto no meio ambiente e sa\u00fade p\u00fablica, o Brasil est\u00e1 &#8220;trancado para o lado de fora&#8221; em rela\u00e7\u00e3o aos principais debates feitos no mundo em rela\u00e7\u00e3o a esses temas.<\/p>\n<p>&#8220;N\u00f3s precisamos conectar o Brasil com o ideal de Pa\u00eds. E a base disso n\u00e3o \u00e9 a polariza\u00e7\u00e3o, n\u00e3o \u00e9 o nacionalismo primitivo e muito menos essa vis\u00e3o neoliberal primitiva que est\u00e1 a\u00ed, que discute em plena pandemia, com as pessoas morrendo e passando fome, que o mais importante \u00e9 fazer as reformas. As reformas s\u00e3o importantes, mas neste momento o mais importante \u00e9 resolver os problemas de sa\u00fade p\u00fablica&#8221;, defendeu a ex-senadora.<\/p>\n<p>Segundo Manuela, neste momento, \u00e9 necess\u00e1rio deixar diferen\u00e7as pol\u00edticas de lado para colocar na mesa as pautas de afinidade, como a defesa da democracia e a busca pela constru\u00e7\u00e3o de um projeto de Pa\u00eds.<\/p>\n<p>&#8220;O nosso desafio \u00e9 unir todos e todas aquelas que defendem a democracia, a ci\u00eancia, que dizem n\u00e3o ao negacionismo e \u00e0 viol\u00eancia pol\u00edtica&#8221;, disse. &#8220;N\u00f3s temos uma primeira miss\u00e3o, e a nossa primeira miss\u00e3o \u00e9 nos unirmos todos para derrotar essa agenda de morte e viol\u00eancia que atenta contra a democracia&#8221;, ressaltou.<\/p>\n<p>&nbsp;<\/p>\n<p><strong>Fonte: Terra<\/strong><\/p>\n<p>&nbsp;<\/p>\n","protected":false},"excerpt":{"rendered":"<p>O apresentador e empres\u00e1rio Luciano Huck disse, nesta segunda-feira, 1, que \u00e9 preciso tirar &#8220;um entulho do meio da sala&#8221;, ao se referir \u00e0 atua\u00e7\u00e3o do presidente Jair Bolsonaro diante da pandemia do novo coronav\u00edrus. Na fala, o potencial candidato \u00e0 Presid\u00eancia em 2022 n\u00e3o citou o nome do atual ocupante do Planalto. Ao lado &hellip;<\/p>\n","protected":false},"author":1,"featured_media":13406,"comment_status":"closed","ping_status":"closed","sticky":false,"template":"","format":"standard","meta":{"_jetpack_newsletter_access":"","_jetpack_dont_email_post_to_subs":false,"_jetpack_newsletter_tier_id":0,"_jetpack_memberships_contains_paywalled_content":false,"_jetpack_memberships_contains_paid_content":false,"footnotes":""},"categories":[1],"tags":[],"class_list":["post-13405","post","type-post","status-publish","format-standard","has-post-thumbnail","hentry","category-destaque"],"jetpack_sharing_enabled":true,"jetpack_featured_media_url":"","_links":{"self":[{"href":"https:\/\/www.oparanews.com.br\/index.php\/wp-json\/wp\/v2\/posts\/13405","targetHints":{"allow":["GET"]}}],"collection":[{"href":"https:\/\/www.oparanews.com.br\/index.php\/wp-json\/wp\/v2\/posts"}],"about":[{"href":"https:\/\/www.oparanews.com.br\/index.php\/wp-json\/wp\/v2\/types\/post"}],"author":[{"embeddable":true,"href":"https:\/\/www.oparanews.com.br\/index.php\/wp-json\/wp\/v2\/users\/1"}],"replies":[{"embeddable":true,"href":"https:\/\/www.oparanews.com.br\/index.php\/wp-json\/wp\/v2\/comments?post=13405"}],"version-history":[{"count":0,"href":"https:\/\/www.oparanews.com.br\/index.php\/wp-json\/wp\/v2\/posts\/13405\/revisions"}],"wp:attachment":[{"href":"https:\/\/www.oparanews.com.br\/index.php\/wp-json\/wp\/v2\/media?parent=13405"}],"wp:term":[{"taxonomy":"category","embeddable":true,"href":"https:\/\/www.oparanews.com.br\/index.php\/wp-json\/wp\/v2\/categories?post=13405"},{"taxonomy":"post_tag","embeddable":true,"href":"https:\/\/www.oparanews.com.br\/index.php\/wp-json\/wp\/v2\/tags?post=13405"}],"curies":[{"name":"wp","href":"https:\/\/api.w.org\/{rel}","templated":true}]}}