{"id":13414,"date":"2021-03-02T13:11:28","date_gmt":"2021-03-02T13:11:28","guid":{"rendered":"https:\/\/oparanews.com.br\/?p=13414"},"modified":"2021-03-02T13:11:28","modified_gmt":"2021-03-02T13:11:28","slug":"asa-diretoria-acerta-a-contratacao-de-ademir-fonseca","status":"publish","type":"post","link":"https:\/\/www.oparanews.com.br\/index.php\/2021\/03\/02\/asa-diretoria-acerta-a-contratacao-de-ademir-fonseca\/","title":{"rendered":"ASA: Diretoria acerta a contrata\u00e7\u00e3o de Ademir Fonseca"},"content":{"rendered":"<p>Na noite dessa segunda-feira (1\u00b0), a diretoria executiva da Agremia\u00e7\u00e3o Sportiva Arapiraquense (ASA) fechou a contrata\u00e7\u00e3o de um experiente t\u00e9cnico para o alvinegro.<\/p>\n<p>O nome em quest\u00e3o \u00e9 do multicampe\u00e3o Ademir Fonseca, treinador que conhece os atalhos para os t\u00edtulos estaduais.<\/p>\n<p>Fonseca ser\u00e1 o comandante dos guerreiros alvinegros durante todo o Campeonato Alagoano.<\/p>\n<p>Seu curr\u00edculo foi o diferencial para a decis\u00e3o da diretoria do Fantasma das Alagoas.<\/p>\n<p>Confira ficha t\u00e9cnica:<\/p>\n<p>Ademir Fonseca dos Santos<\/p>\n<p>Data de nascimento: 18\/01\/1963 &#8211; 58 anos;<\/p>\n<p>Principais t\u00edtulos estaduais: Ituano\/SP, Paysandu\/PA e CRB\/AL;<\/p>\n<p>Acessos: S\u00e9rie B (CRB) e S\u00e9rie A do Carioca (Madureira e Volta Redonda);<\/p>\n<p>\u00daltimos clubes: Villa Nova-MG (2020), URT (2020), Tupi (2019), Uberl\u00e2ndia (2019), Olaria (2018) e Ferrovi\u00e1rio (2018).<\/p>\n<p>&nbsp;<\/p>\n<p><strong>Fonte: Gazetaweb<\/strong><\/p>\n<p>&nbsp;<\/p>\n","protected":false},"excerpt":{"rendered":"<p>Na noite dessa segunda-feira (1\u00b0), a diretoria executiva da Agremia\u00e7\u00e3o Sportiva Arapiraquense (ASA) fechou a contrata\u00e7\u00e3o de um experiente t\u00e9cnico para o alvinegro. O nome em quest\u00e3o \u00e9 do multicampe\u00e3o Ademir Fonseca, treinador que conhece os atalhos para os t\u00edtulos estaduais. Fonseca ser\u00e1 o comandante dos guerreiros alvinegros durante todo o Campeonato Alagoano. Seu curr\u00edculo &hellip;<\/p>\n","protected":false},"author":1,"featured_media":13415,"comment_status":"closed","ping_status":"closed","sticky":false,"template":"","format":"standard","meta":{"_jetpack_newsletter_access":"","_jetpack_dont_email_post_to_subs":false,"_jetpack_newsletter_tier_id":0,"_jetpack_memberships_contains_paywalled_content":false,"_jetpack_memberships_contains_paid_content":false,"footnotes":""},"categories":[1],"tags":[],"class_list":["post-13414","post","type-post","status-publish","format-standard","has-post-thumbnail","hentry","category-destaque"],"jetpack_sharing_enabled":true,"jetpack_featured_media_url":"","_links":{"self":[{"href":"https:\/\/www.oparanews.com.br\/index.php\/wp-json\/wp\/v2\/posts\/13414","targetHints":{"allow":["GET"]}}],"collection":[{"href":"https:\/\/www.oparanews.com.br\/index.php\/wp-json\/wp\/v2\/posts"}],"about":[{"href":"https:\/\/www.oparanews.com.br\/index.php\/wp-json\/wp\/v2\/types\/post"}],"author":[{"embeddable":true,"href":"https:\/\/www.oparanews.com.br\/index.php\/wp-json\/wp\/v2\/users\/1"}],"replies":[{"embeddable":true,"href":"https:\/\/www.oparanews.com.br\/index.php\/wp-json\/wp\/v2\/comments?post=13414"}],"version-history":[{"count":0,"href":"https:\/\/www.oparanews.com.br\/index.php\/wp-json\/wp\/v2\/posts\/13414\/revisions"}],"wp:attachment":[{"href":"https:\/\/www.oparanews.com.br\/index.php\/wp-json\/wp\/v2\/media?parent=13414"}],"wp:term":[{"taxonomy":"category","embeddable":true,"href":"https:\/\/www.oparanews.com.br\/index.php\/wp-json\/wp\/v2\/categories?post=13414"},{"taxonomy":"post_tag","embeddable":true,"href":"https:\/\/www.oparanews.com.br\/index.php\/wp-json\/wp\/v2\/tags?post=13414"}],"curies":[{"name":"wp","href":"https:\/\/api.w.org\/{rel}","templated":true}]}}