{"id":13417,"date":"2021-03-02T19:08:04","date_gmt":"2021-03-02T19:08:04","guid":{"rendered":"https:\/\/oparanews.com.br\/?p=13417"},"modified":"2021-03-02T19:08:04","modified_gmt":"2021-03-02T19:08:04","slug":"servicos-publicos-de-penedo-recupera-ruas-na-cidade-e-zona-rural","status":"publish","type":"post","link":"https:\/\/www.oparanews.com.br\/index.php\/2021\/03\/02\/servicos-publicos-de-penedo-recupera-ruas-na-cidade-e-zona-rural\/","title":{"rendered":"Servi\u00e7os P\u00fablicos de Penedo recupera ruas na cidade e zona rural"},"content":{"rendered":"<p>A Secretaria Municipal de Servi\u00e7os P\u00fablicos (SEMSP) da Prefeitura de Penedo recupera ruas das zonas urbana e rural, trabalho que contempla todas as vias de acesso ao munic\u00edpio e demais logradouros.<\/p>\n<p>O servi\u00e7o solicitado pela popula\u00e7\u00e3o das localidades e efetivado pela gest\u00e3o \u2018Penedo Crescendo Com Seu Povo\u2019 mostra o compromisso da administra\u00e7\u00e3o com as demandas dos penedenses.<\/p>\n<p>A recupera\u00e7\u00e3o das vias utiliza um equipamento do tipo patrol\/retroescavadeira e teve in\u00edcio pelo residencial Ouro Verde, tendo prosseguindo pelo Loteamento S\u00e3o Jos\u00e9 e Conjunto Marisa Leticia, seguindo o cronograma da SEMSP Penedo.<\/p>\n<p>De acordo com o Secretario de Servi\u00e7os P\u00fablicos Ivo Costa, a a\u00e7\u00e3o tem como objetivo a completa recupera\u00e7\u00e3o dessas ruas, assim como o correto nivelamento, eliminando buracos e tornando essas vias melhores para o tr\u00e2nsito de ve\u00edculos e tamb\u00e9m para os moradores, principais benefici\u00e1rios dessas obras.<\/p>\n<p>Outra a\u00e7\u00e3o da Prefeitura de Penedo \u00e9 a reabertura das ruas do Distrito Industrial, o que conforme o Prefeito Ronaldo Lopes, est\u00e1 sendo feito visando a futura instala\u00e7\u00e3o de empresas que j\u00e1 adquiriram o terreno e em breve devem come\u00e7ar a construir dentro daquele espa\u00e7o.<\/p>\n<p><strong>Zona Rural<\/strong><\/p>\n<p>J\u00e1 na zona rural do munic\u00edpio, as obras tamb\u00e9m recuperam estradas vicinais que d\u00e3o acesso as diversas localidades. Esse trabalho tem in\u00edcio pelo Povoado Ilhas das Canas, uma das \u00e1reas mais afetadas pela chuva e que necessitava de repara\u00e7\u00e3o.<\/p>\n<p>O Prefeito Ronaldo Lopes tamb\u00e9m destacou a import\u00e2ncia da durabilidade das estradas da zona rural e garante que o trabalho est\u00e1 sendo feito conforme as determina\u00e7\u00f5es t\u00e9cnicas corretas.<\/p>\n<p>&nbsp;<\/p>\n<p><strong>por Thiago Sobral &#8211; Decom\/PMP<\/strong><\/p>\n<p>&nbsp;<\/p>\n","protected":false},"excerpt":{"rendered":"<p>A Secretaria Municipal de Servi\u00e7os P\u00fablicos (SEMSP) da Prefeitura de Penedo recupera ruas das zonas urbana e rural, trabalho que contempla todas as vias de acesso ao munic\u00edpio e demais logradouros. O servi\u00e7o solicitado pela popula\u00e7\u00e3o das localidades e efetivado pela gest\u00e3o \u2018Penedo Crescendo Com Seu Povo\u2019 mostra o compromisso da administra\u00e7\u00e3o com as demandas &hellip;<\/p>\n","protected":false},"author":1,"featured_media":13418,"comment_status":"closed","ping_status":"closed","sticky":false,"template":"","format":"standard","meta":{"_jetpack_newsletter_access":"","_jetpack_dont_email_post_to_subs":false,"_jetpack_newsletter_tier_id":0,"_jetpack_memberships_contains_paywalled_content":false,"_jetpack_memberships_contains_paid_content":false,"footnotes":""},"categories":[1],"tags":[],"class_list":["post-13417","post","type-post","status-publish","format-standard","has-post-thumbnail","hentry","category-destaque"],"jetpack_sharing_enabled":true,"jetpack_featured_media_url":"","_links":{"self":[{"href":"https:\/\/www.oparanews.com.br\/index.php\/wp-json\/wp\/v2\/posts\/13417","targetHints":{"allow":["GET"]}}],"collection":[{"href":"https:\/\/www.oparanews.com.br\/index.php\/wp-json\/wp\/v2\/posts"}],"about":[{"href":"https:\/\/www.oparanews.com.br\/index.php\/wp-json\/wp\/v2\/types\/post"}],"author":[{"embeddable":true,"href":"https:\/\/www.oparanews.com.br\/index.php\/wp-json\/wp\/v2\/users\/1"}],"replies":[{"embeddable":true,"href":"https:\/\/www.oparanews.com.br\/index.php\/wp-json\/wp\/v2\/comments?post=13417"}],"version-history":[{"count":0,"href":"https:\/\/www.oparanews.com.br\/index.php\/wp-json\/wp\/v2\/posts\/13417\/revisions"}],"wp:attachment":[{"href":"https:\/\/www.oparanews.com.br\/index.php\/wp-json\/wp\/v2\/media?parent=13417"}],"wp:term":[{"taxonomy":"category","embeddable":true,"href":"https:\/\/www.oparanews.com.br\/index.php\/wp-json\/wp\/v2\/categories?post=13417"},{"taxonomy":"post_tag","embeddable":true,"href":"https:\/\/www.oparanews.com.br\/index.php\/wp-json\/wp\/v2\/tags?post=13417"}],"curies":[{"name":"wp","href":"https:\/\/api.w.org\/{rel}","templated":true}]}}