{"id":13424,"date":"2021-03-03T12:02:23","date_gmt":"2021-03-03T12:02:23","guid":{"rendered":"https:\/\/oparanews.com.br\/?p=13424"},"modified":"2021-03-03T12:02:23","modified_gmt":"2021-03-03T12:02:23","slug":"media-movel-de-mortes-por-covid-19-em-al-volta-a-subir-alta-e-de-18","status":"publish","type":"post","link":"https:\/\/www.oparanews.com.br\/index.php\/2021\/03\/03\/media-movel-de-mortes-por-covid-19-em-al-volta-a-subir-alta-e-de-18\/","title":{"rendered":"M\u00e9dia m\u00f3vel de mortes por Covid-19 em AL volta a subir; alta \u00e9 de 18%"},"content":{"rendered":"<p>A m\u00e9dia m\u00f3vel de mortes pela Covid-19 voltou a subir em Alagoas, atingindo uma alta de 18%. A informa\u00e7\u00e3o \u00e9 do cons\u00f3rcio de ve\u00edculos de imprensa, que divulgou novo levantamento da situa\u00e7\u00e3o da pandemia de coronav\u00edrus no Brasil nesta quarta-feira (3).<\/p>\n<p>Antes de apresentar alta, Alagoas estava h\u00e1 dias em estabilidade. Com a crescente transmiss\u00e3o do coronav\u00edrus, 132.701 pessoas foram infectadas no estado e 3.022 morreram at\u00e9 ter\u00e7a (2).<\/p>\n<p>De acordo com o \u00faltimo boletim epidemiol\u00f3gico da Secretaria de Estado da Sa\u00fade (Sesau), Alagoas registrou 456 novos casos de Covid-19 nas \u00faltimas 24 horas.<\/p>\n<p><strong>Entenda o que \u00e9 m\u00e9dia m\u00f3vel<\/strong><\/p>\n<p>M\u00e9dia m\u00f3vel: m\u00e9dia de casos ou mortes dos \u00faltimos 7 dias<br \/>\nVaria\u00e7\u00e3o: mudan\u00e7a da m\u00e9dia m\u00f3vel nos \u00faltimos 14 dias<br \/>\nEstabilidade: varia\u00e7\u00f5es de at\u00e9 15%, para mais ou para menos<\/p>\n<p>Para saber a tend\u00eancia, \u00e9 preciso calcular a varia\u00e7\u00e3o percentual das m\u00e9dias m\u00f3veis em um intervalo de 14 dias. Por exemplo, a m\u00e9dia m\u00f3vel do dia 14 ser\u00e1 comparada com a m\u00e9dia m\u00f3vel do dia 1\u00ba.<\/p>\n<p>Se este percentual for de at\u00e9 15%, \u00e9 considerado est\u00e1vel. Se for acima de 15% positivos, est\u00e1 em crescimento. Se for mais de 15% negativos, est\u00e1 em queda.<\/p>\n<p>Quinze estados apresentaram alta na m\u00e9dia m\u00f3vel de mortes, oito est\u00e3o em estabilidade e apenas tr\u00eas apresentam queda no n\u00famero de mortes.<\/p>\n<p>&nbsp;<\/p>\n<p><strong>Fonte: G1\/AL<\/strong><\/p>\n<p>&nbsp;<\/p>\n","protected":false},"excerpt":{"rendered":"<p>A m\u00e9dia m\u00f3vel de mortes pela Covid-19 voltou a subir em Alagoas, atingindo uma alta de 18%. A informa\u00e7\u00e3o \u00e9 do cons\u00f3rcio de ve\u00edculos de imprensa, que divulgou novo levantamento da situa\u00e7\u00e3o da pandemia de coronav\u00edrus no Brasil nesta quarta-feira (3). Antes de apresentar alta, Alagoas estava h\u00e1 dias em estabilidade. Com a crescente transmiss\u00e3o &hellip;<\/p>\n","protected":false},"author":1,"featured_media":13425,"comment_status":"closed","ping_status":"closed","sticky":false,"template":"","format":"standard","meta":{"_jetpack_newsletter_access":"","_jetpack_dont_email_post_to_subs":false,"_jetpack_newsletter_tier_id":0,"_jetpack_memberships_contains_paywalled_content":false,"_jetpack_memberships_contains_paid_content":false,"footnotes":""},"categories":[1],"tags":[],"class_list":["post-13424","post","type-post","status-publish","format-standard","has-post-thumbnail","hentry","category-destaque"],"jetpack_sharing_enabled":true,"jetpack_featured_media_url":"","_links":{"self":[{"href":"https:\/\/www.oparanews.com.br\/index.php\/wp-json\/wp\/v2\/posts\/13424","targetHints":{"allow":["GET"]}}],"collection":[{"href":"https:\/\/www.oparanews.com.br\/index.php\/wp-json\/wp\/v2\/posts"}],"about":[{"href":"https:\/\/www.oparanews.com.br\/index.php\/wp-json\/wp\/v2\/types\/post"}],"author":[{"embeddable":true,"href":"https:\/\/www.oparanews.com.br\/index.php\/wp-json\/wp\/v2\/users\/1"}],"replies":[{"embeddable":true,"href":"https:\/\/www.oparanews.com.br\/index.php\/wp-json\/wp\/v2\/comments?post=13424"}],"version-history":[{"count":0,"href":"https:\/\/www.oparanews.com.br\/index.php\/wp-json\/wp\/v2\/posts\/13424\/revisions"}],"wp:attachment":[{"href":"https:\/\/www.oparanews.com.br\/index.php\/wp-json\/wp\/v2\/media?parent=13424"}],"wp:term":[{"taxonomy":"category","embeddable":true,"href":"https:\/\/www.oparanews.com.br\/index.php\/wp-json\/wp\/v2\/categories?post=13424"},{"taxonomy":"post_tag","embeddable":true,"href":"https:\/\/www.oparanews.com.br\/index.php\/wp-json\/wp\/v2\/tags?post=13424"}],"curies":[{"name":"wp","href":"https:\/\/api.w.org\/{rel}","templated":true}]}}