{"id":13427,"date":"2021-03-03T12:06:16","date_gmt":"2021-03-03T12:06:16","guid":{"rendered":"https:\/\/oparanews.com.br\/?p=13427"},"modified":"2021-03-03T12:06:16","modified_gmt":"2021-03-03T12:06:16","slug":"alagoas-recebe-mais-28-800-doses-da-vacina-contra-a-covid-19","status":"publish","type":"post","link":"https:\/\/www.oparanews.com.br\/index.php\/2021\/03\/03\/alagoas-recebe-mais-28-800-doses-da-vacina-contra-a-covid-19\/","title":{"rendered":"Alagoas recebe mais 28.800 doses da vacina contra a Covid-19"},"content":{"rendered":"<p>Alagoas recebeu durante a madrugada desta quarta-feira (3) mais 28.800 doses da vacina contra a Covid-19. A nova remessa da vacina chegou ao Aeroporto Zumbi dos Palmares, em Macei\u00f3, e foram escoltadas pela Pol\u00edcia Militar at\u00e9 a sede do Programa Nacional de Imuniza\u00e7\u00e3o (PNI-AL). Idosos com 78 anos devem ser imunizados com essas doses.<\/p>\n<p>&#8220;Recebemos nesta madrugada um lote com 28.800 doses da vacina CoronaVac. Vamos iniciar a distribui\u00e7\u00e3o e vacina\u00e7\u00e3o&#8221;, disse o governador nas redes sociais.<\/p>\n<p>O governador informou ainda que os idosos com 78 anos completos e profissionais da sa\u00fade ser\u00e3o vacinados com essas doses. Entretanto, ainda n\u00e3o h\u00e1 informa\u00e7\u00e3o quando se inicia a vacina\u00e7\u00e3o desse grupo.<\/p>\n<p>&#8220;Idosos com 78 anos completos ser\u00e3o todos imunizados, eles somam pouco mais de 10 mil em Alagoas. Seguiremos tamb\u00e9m imunizando profissionais da sa\u00fade&#8221;, disse.<\/p>\n<p><strong>Vacina\u00e7\u00e3o<\/strong><\/p>\n<p>Na segunda-feira (1\u00aa), Macei\u00f3 iniciou a imuniza\u00e7\u00e3o dos idosos de 79 anos. Para atender ao grupo priorit\u00e1rio, foram criados quatro pontos de vacina\u00e7\u00e3o:<\/p>\n<p>Estacionamento de Jaragu\u00e1, no sistema drive-thru;<br \/>\nShopping Macei\u00f3 (Mangabeiras);<br \/>\nShopping P\u00e1tio (Cidade Universit\u00e1ria);<br \/>\nPap\u00f3dromo, novo local de vacina\u00e7\u00e3o, na regi\u00e3o do Dique Estrada.<\/p>\n<p>As pessoas que v\u00e3o se vacinar precisam apresentar um documento com foto e CPF.<\/p>\n<p>&nbsp;<\/p>\n<p><strong>Fonte: G1\/AL<\/strong><\/p>\n<p>&nbsp;<\/p>\n","protected":false},"excerpt":{"rendered":"<p>Alagoas recebeu durante a madrugada desta quarta-feira (3) mais 28.800 doses da vacina contra a Covid-19. A nova remessa da vacina chegou ao Aeroporto Zumbi dos Palmares, em Macei\u00f3, e foram escoltadas pela Pol\u00edcia Militar at\u00e9 a sede do Programa Nacional de Imuniza\u00e7\u00e3o (PNI-AL). Idosos com 78 anos devem ser imunizados com essas doses. &#8220;Recebemos &hellip;<\/p>\n","protected":false},"author":1,"featured_media":13428,"comment_status":"closed","ping_status":"closed","sticky":false,"template":"","format":"standard","meta":{"_jetpack_newsletter_access":"","_jetpack_dont_email_post_to_subs":false,"_jetpack_newsletter_tier_id":0,"_jetpack_memberships_contains_paywalled_content":false,"_jetpack_memberships_contains_paid_content":false,"footnotes":""},"categories":[1],"tags":[],"class_list":["post-13427","post","type-post","status-publish","format-standard","has-post-thumbnail","hentry","category-destaque"],"jetpack_sharing_enabled":true,"jetpack_featured_media_url":"","_links":{"self":[{"href":"https:\/\/www.oparanews.com.br\/index.php\/wp-json\/wp\/v2\/posts\/13427","targetHints":{"allow":["GET"]}}],"collection":[{"href":"https:\/\/www.oparanews.com.br\/index.php\/wp-json\/wp\/v2\/posts"}],"about":[{"href":"https:\/\/www.oparanews.com.br\/index.php\/wp-json\/wp\/v2\/types\/post"}],"author":[{"embeddable":true,"href":"https:\/\/www.oparanews.com.br\/index.php\/wp-json\/wp\/v2\/users\/1"}],"replies":[{"embeddable":true,"href":"https:\/\/www.oparanews.com.br\/index.php\/wp-json\/wp\/v2\/comments?post=13427"}],"version-history":[{"count":0,"href":"https:\/\/www.oparanews.com.br\/index.php\/wp-json\/wp\/v2\/posts\/13427\/revisions"}],"wp:attachment":[{"href":"https:\/\/www.oparanews.com.br\/index.php\/wp-json\/wp\/v2\/media?parent=13427"}],"wp:term":[{"taxonomy":"category","embeddable":true,"href":"https:\/\/www.oparanews.com.br\/index.php\/wp-json\/wp\/v2\/categories?post=13427"},{"taxonomy":"post_tag","embeddable":true,"href":"https:\/\/www.oparanews.com.br\/index.php\/wp-json\/wp\/v2\/tags?post=13427"}],"curies":[{"name":"wp","href":"https:\/\/api.w.org\/{rel}","templated":true}]}}