{"id":13444,"date":"2021-03-03T14:42:28","date_gmt":"2021-03-03T14:42:28","guid":{"rendered":"https:\/\/oparanews.com.br\/?p=13444"},"modified":"2021-03-03T14:42:28","modified_gmt":"2021-03-03T14:42:28","slug":"semed-penedo-prepara-pessoal-para-estrategia-pedagogica-de-acolhimento","status":"publish","type":"post","link":"https:\/\/www.oparanews.com.br\/index.php\/2021\/03\/03\/semed-penedo-prepara-pessoal-para-estrategia-pedagogica-de-acolhimento\/","title":{"rendered":"Semed Penedo prepara pessoal para estrat\u00e9gia pedag\u00f3gica de acolhimento"},"content":{"rendered":"<p>Com o in\u00edcio do ano letivo 2021 na rede p\u00fablica de ensino em Penedo, a Secretaria Municipal de Educa\u00e7\u00e3o (SEMED) coloca em pr\u00e1tica uma estrat\u00e9gia pedag\u00f3gica adequada aos tempos de Covid-19.<\/p>\n<p>Ao longo da primeira semana de aula, as 29 unidades de ensino da SEMED Penedo desenvolvem uma estrat\u00e9gia especial para acolherem seus alunos de forma on-line, sistema esse adotado desde o ano letivo anterior por causa do novo coronav\u00edrus.<\/p>\n<p>As aulas tiveram em 1\u00ba de mar\u00e7o, oportunidade em que os professores da rede p\u00fablica e demais profissionais das escolas foram recebidos pela SEMED em suas respectivas escolas e direcionados para as atividades do ano letivo 2021. Tamb\u00e9m foi apresentado para eles todo o material did\u00e1tico.<\/p>\n<p>Al\u00e9m disso, os profissionais participam uma forma\u00e7\u00e3o continuada com o material Acerta Brasil para gestores municipais e articuladores e coordenadores de apoio pedag\u00f3gico.<\/p>\n<p><strong>Proposta<\/strong><\/p>\n<p>A proposta de acolhida foi desenvolvida pelo Conselho Municipal de Educa\u00e7\u00e3o de Penedo, sendo inspirada na metodologia do Instituto Ayrton Senna e abordada no curso \u201cResili\u00eancia e Bem-Estar Emocional\u201d.<\/p>\n<p>Cada unidade de ensino da Semed Penedo escolhe a melhor estrat\u00e9gia e proposta que se adequam \u00e0 realidade local, apresentadas de forma did\u00e1tica e conforme o calend\u00e1rio do ano letivo, carga hor\u00e1ria, hor\u00e1rio das aulas, registros das atividades e processos avaliativos.<\/p>\n<p>De acordo com a SEMED Penedo, esse acolhimento tem o foco na autoconfian\u00e7a e toler\u00e2ncia ao estresse e \u00e0 frustra\u00e7\u00e3o pr\u00f3prios dos cen\u00e1rios gerados por crises, como o da pandemia de COVID-19.<\/p>\n<p>Os professores dever\u00e3o diagnosticar, por meio da avalia\u00e7\u00f5es, o est\u00e1gio atual dos estudantes, a fim de direcionar estrat\u00e9gias de ensino\/aprendizagem e de corre\u00e7\u00e3o de defasagens.<\/p>\n<p>A Secret\u00e1ria Municipal de Educa\u00e7\u00e3o Cintya Alves refor\u00e7a essa necessidade de um acolhimento diferenciado, n\u00e3o s\u00f3 para nossos alunos como tamb\u00e9m para suas fam\u00edlias.<\/p>\n<p>\u201cO momento em meio a pandemia da COVID-19 \u00e9 dif\u00edcil, mas n\u00e3o faltar\u00e1 empenho de todos da SEMED para que possamos juntos chegarmos a dias melhores. Quero dizer aos pais que junto com o Prefeito Ronaldo Lopes iremos continuar dando todo o suporte para que nossa educa\u00e7\u00e3o atinja o patamar da excel\u00eancia\u201d, destacou Cintya Alves.<\/p>\n<p>Cronograma<\/p>\n<p>Quarta-feira<\/p>\n<p>Forma\u00e7\u00e3o continuada com material Acerta Brasil<\/p>\n<p>P\u00fablico-alvo<\/p>\n<p>Profissionais de l\u00edngua portuguesa e matem\u00e1tica do 6\u00ba ao 9\u00ba ano<\/p>\n<p>Quinta-feira<\/p>\n<p>Forma\u00e7\u00e3o continuada e apresenta\u00e7\u00e3o dos professores nos grupos de trabalho<\/p>\n<p>P\u00fablico Alvo: Professores dos anos iniciai do 1\u00ba ao 5\u00ba ano<\/p>\n<p>Sexta-feira<\/p>\n<p>Conclus\u00e3o da forma\u00e7\u00e3o com o tema Narrativas de Planejamento did\u00e1tico<\/p>\n<p>&nbsp;<\/p>\n<p><strong>Fonte: Decom &#8211; PMP<\/strong><\/p>\n<p>&nbsp;<\/p>\n","protected":false},"excerpt":{"rendered":"<p>Com o in\u00edcio do ano letivo 2021 na rede p\u00fablica de ensino em Penedo, a Secretaria Municipal de Educa\u00e7\u00e3o (SEMED) coloca em pr\u00e1tica uma estrat\u00e9gia pedag\u00f3gica adequada aos tempos de Covid-19. Ao longo da primeira semana de aula, as 29 unidades de ensino da SEMED Penedo desenvolvem uma estrat\u00e9gia especial para acolherem seus alunos de &hellip;<\/p>\n","protected":false},"author":1,"featured_media":13445,"comment_status":"closed","ping_status":"closed","sticky":false,"template":"","format":"standard","meta":{"_jetpack_newsletter_access":"","_jetpack_dont_email_post_to_subs":false,"_jetpack_newsletter_tier_id":0,"_jetpack_memberships_contains_paywalled_content":false,"_jetpack_memberships_contains_paid_content":false,"footnotes":""},"categories":[1],"tags":[],"class_list":["post-13444","post","type-post","status-publish","format-standard","has-post-thumbnail","hentry","category-destaque"],"jetpack_sharing_enabled":true,"jetpack_featured_media_url":"","_links":{"self":[{"href":"https:\/\/www.oparanews.com.br\/index.php\/wp-json\/wp\/v2\/posts\/13444","targetHints":{"allow":["GET"]}}],"collection":[{"href":"https:\/\/www.oparanews.com.br\/index.php\/wp-json\/wp\/v2\/posts"}],"about":[{"href":"https:\/\/www.oparanews.com.br\/index.php\/wp-json\/wp\/v2\/types\/post"}],"author":[{"embeddable":true,"href":"https:\/\/www.oparanews.com.br\/index.php\/wp-json\/wp\/v2\/users\/1"}],"replies":[{"embeddable":true,"href":"https:\/\/www.oparanews.com.br\/index.php\/wp-json\/wp\/v2\/comments?post=13444"}],"version-history":[{"count":0,"href":"https:\/\/www.oparanews.com.br\/index.php\/wp-json\/wp\/v2\/posts\/13444\/revisions"}],"wp:attachment":[{"href":"https:\/\/www.oparanews.com.br\/index.php\/wp-json\/wp\/v2\/media?parent=13444"}],"wp:term":[{"taxonomy":"category","embeddable":true,"href":"https:\/\/www.oparanews.com.br\/index.php\/wp-json\/wp\/v2\/categories?post=13444"},{"taxonomy":"post_tag","embeddable":true,"href":"https:\/\/www.oparanews.com.br\/index.php\/wp-json\/wp\/v2\/tags?post=13444"}],"curies":[{"name":"wp","href":"https:\/\/api.w.org\/{rel}","templated":true}]}}