{"id":13449,"date":"2021-03-04T01:57:59","date_gmt":"2021-03-04T01:57:59","guid":{"rendered":"https:\/\/oparanews.com.br\/?p=13449"},"modified":"2021-03-04T01:57:59","modified_gmt":"2021-03-04T01:57:59","slug":"alagoas-registra-mais-12-mortes-por-covid-19-total-chega-a-3-034","status":"publish","type":"post","link":"https:\/\/www.oparanews.com.br\/index.php\/2021\/03\/04\/alagoas-registra-mais-12-mortes-por-covid-19-total-chega-a-3-034\/","title":{"rendered":"Alagoas registra mais 12 mortes por Covid-19; total chega a 3.034"},"content":{"rendered":"<p>Alagoas registrou 519 novos casos e mais 12 mortes por Covid-19, segundo a Secretaria de Estado da Sa\u00fade (Sesau). O boletim epidemiol\u00f3gico mais recente foi divulgado nesta quarta-feira (3).<\/p>\n<p>Desde o come\u00e7o da pandemia, o estado registrou 133.220 casos confirmados e 3.034 \u00f3bitos por Covid-19.<\/p>\n<p>Do total de pessoas infectadas pelo novo coronav\u00edrus, 126.382 se recuperaram e 3.221 est\u00e3o em tratamento, em isolamento domiciliar.<\/p>\n<p>O n\u00famero acumulado de casos confirmados chegou a 11.483.<\/p>\n<p>No mais recente boletim sobre ocupa\u00e7\u00e3o hospitalar, a taxa de ocupa\u00e7\u00e3o de leitos de UTI para Covid-19 estava em 70%. A taxa geral de leitos estava em 61%.<\/p>\n<p><strong>Mais 12 mortes por Covid-19<\/strong><\/p>\n<p>Macei\u00f3: Homem, 53 anos \u2013 sem comorbidades<br \/>\nMacei\u00f3: Homem, 57 anos \u2013 doen\u00e7a cardiovascular<br \/>\nMacei\u00f3: Homem, 67 anos \u2013 sem comorbidades<br \/>\nMacei\u00f3: Homem, 71 anos \u2013 doen\u00e7a renal cr\u00f4nica, hipertens\u00e3o arterial e diabetes<br \/>\nMacei\u00f3: Mulher, 60 anos \u2013 hipertensa e diab\u00e9tica<br \/>\nMacei\u00f3: Mulher, 73 anos \u2013 hipertensa<br \/>\nMaravilha: Mulher, 37 anos \u2013 sem comorbidades<br \/>\nCampo Alegre: Mulher, 39 anos \u2013 hipertensa e diab\u00e9tica<br \/>\nOlho d\u2019\u00c1gua das Flores: Mulher, 72 anos \u2013 sem comorbidades<br \/>\nArapiraca: Mulher, 87 anos \u2013 hipertensa e diab\u00e9tica<br \/>\n\u00c1gua Branca: Homem, 33 anos \u2013 sem comorbidades<br \/>\nArapiraca: Homem, 60 anos \u2013 obeso e hipertenso<\/p>\n<p>&nbsp;<\/p>\n<p><strong>Fonte: G1\/AL<\/strong><\/p>\n<p>&nbsp;<\/p>\n","protected":false},"excerpt":{"rendered":"<p>Alagoas registrou 519 novos casos e mais 12 mortes por Covid-19, segundo a Secretaria de Estado da Sa\u00fade (Sesau). O boletim epidemiol\u00f3gico mais recente foi divulgado nesta quarta-feira (3). Desde o come\u00e7o da pandemia, o estado registrou 133.220 casos confirmados e 3.034 \u00f3bitos por Covid-19. Do total de pessoas infectadas pelo novo coronav\u00edrus, 126.382 se &hellip;<\/p>\n","protected":false},"author":1,"featured_media":7310,"comment_status":"closed","ping_status":"closed","sticky":false,"template":"","format":"standard","meta":{"_jetpack_newsletter_access":"","_jetpack_dont_email_post_to_subs":false,"_jetpack_newsletter_tier_id":0,"_jetpack_memberships_contains_paywalled_content":false,"_jetpack_memberships_contains_paid_content":false,"footnotes":""},"categories":[1],"tags":[],"class_list":["post-13449","post","type-post","status-publish","format-standard","has-post-thumbnail","hentry","category-destaque"],"jetpack_sharing_enabled":true,"jetpack_featured_media_url":"","_links":{"self":[{"href":"https:\/\/www.oparanews.com.br\/index.php\/wp-json\/wp\/v2\/posts\/13449","targetHints":{"allow":["GET"]}}],"collection":[{"href":"https:\/\/www.oparanews.com.br\/index.php\/wp-json\/wp\/v2\/posts"}],"about":[{"href":"https:\/\/www.oparanews.com.br\/index.php\/wp-json\/wp\/v2\/types\/post"}],"author":[{"embeddable":true,"href":"https:\/\/www.oparanews.com.br\/index.php\/wp-json\/wp\/v2\/users\/1"}],"replies":[{"embeddable":true,"href":"https:\/\/www.oparanews.com.br\/index.php\/wp-json\/wp\/v2\/comments?post=13449"}],"version-history":[{"count":0,"href":"https:\/\/www.oparanews.com.br\/index.php\/wp-json\/wp\/v2\/posts\/13449\/revisions"}],"wp:attachment":[{"href":"https:\/\/www.oparanews.com.br\/index.php\/wp-json\/wp\/v2\/media?parent=13449"}],"wp:term":[{"taxonomy":"category","embeddable":true,"href":"https:\/\/www.oparanews.com.br\/index.php\/wp-json\/wp\/v2\/categories?post=13449"},{"taxonomy":"post_tag","embeddable":true,"href":"https:\/\/www.oparanews.com.br\/index.php\/wp-json\/wp\/v2\/tags?post=13449"}],"curies":[{"name":"wp","href":"https:\/\/api.w.org\/{rel}","templated":true}]}}