{"id":13451,"date":"2021-03-04T02:03:39","date_gmt":"2021-03-04T02:03:39","guid":{"rendered":"https:\/\/oparanews.com.br\/?p=13451"},"modified":"2021-03-04T02:03:39","modified_gmt":"2021-03-04T02:03:39","slug":"prefeitura-de-penedo-realiza-busca-ativa-na-zona-rural-para-inclusao-em-programas","status":"publish","type":"post","link":"https:\/\/www.oparanews.com.br\/index.php\/2021\/03\/04\/prefeitura-de-penedo-realiza-busca-ativa-na-zona-rural-para-inclusao-em-programas\/","title":{"rendered":"Prefeitura de Penedo realiza busca ativa na zona rural para inclus\u00e3o em programas"},"content":{"rendered":"<p>A Prefeitura de Penedo, por meio da Secretaria Municipal de Desenvolvimento Social e Habita\u00e7\u00e3o (SEMDSH), realiza na zona rural do munic\u00edpio a inclus\u00e3o de pessoas em situa\u00e7\u00e3o de vulnerabilidade social nos programas CRIA (Crian\u00e7a Alagoana), Crian\u00e7a Feliz e outros desenvolvidos pela administra\u00e7\u00e3o Crescendo Com Seu Povo, em parceria com os governos federal e municipal.<\/p>\n<p>O objetivo do trabalho realizado \u00e9 a identifica\u00e7\u00e3o de pessoas em situa\u00e7\u00e3o de pobreza por meio da busca ativa, ou seja, indo ao encontro da popula\u00e7\u00e3o, por meio de visitas domiciliares, traballho que assegura prote\u00e7\u00e3o e direitos sociais.<\/p>\n<p>De acordo com Fernando Rodrigues Santana J\u00fanior, Coordenador do Programa Crian\u00e7a Feliz em Penedo, a a\u00e7\u00e3o ocorre nessa quinta-feira (4) no Povoado Catrap\u00f3, localidade que j\u00e1 recebeu o trabalho e onde as visitas ter\u00e3o continuidade.<\/p>\n<p>J\u00e1 na sexta-feira (5), a a\u00e7\u00e3o ser\u00e1 realizada no Povoado Ponta Mofina.<\/p>\n<p><strong>Programas Sociais<\/strong><\/p>\n<p>A popula\u00e7\u00e3o das localidades visitadas tamb\u00e9m poder\u00e3o ter acesso a diversos outros programas sociais, por meio da inclus\u00e3o no Cadastro \u00danico (Cad\u00danico).<\/p>\n<p>Entre esses programas est\u00e3o a Tarifa Rural, Tarifa Social e o Acessuas Trabalho, que tem o objetivo de promover oportunidades de acesso ao emprego formal ou possibilidades de gera\u00e7\u00e3o de emprego e renda.<\/p>\n<p>Fernando Rodrigues explica que essa \u00e9 uma a\u00e7\u00e3o permanente nos bairros e povoados de Penedo, com programa\u00e7\u00e3o na zona rural toda quinta e sexta-feira, enquanto na cidade ocorre de segunda a quarta-feira.<\/p>\n<p>\u201cEstamos realizando um trabalho mais ativo nos povoados, que ser\u00e1 feito de forma cont\u00ednua com a busca ativa nas resid\u00eancias das pessoas, para garantia de direitos e inclus\u00e3o de fam\u00edlias nos diversos programas sociais\u201d, afirmou Fernando Rodrigues.<\/p>\n<p>&nbsp;<\/p>\n<p><strong>por Thiago Sobral \u2013 Decom PMP<\/strong><\/p>\n<p>&nbsp;<\/p>\n","protected":false},"excerpt":{"rendered":"<p>A Prefeitura de Penedo, por meio da Secretaria Municipal de Desenvolvimento Social e Habita\u00e7\u00e3o (SEMDSH), realiza na zona rural do munic\u00edpio a inclus\u00e3o de pessoas em situa\u00e7\u00e3o de vulnerabilidade social nos programas CRIA (Crian\u00e7a Alagoana), Crian\u00e7a Feliz e outros desenvolvidos pela administra\u00e7\u00e3o Crescendo Com Seu Povo, em parceria com os governos federal e municipal. O &hellip;<\/p>\n","protected":false},"author":1,"featured_media":13452,"comment_status":"closed","ping_status":"closed","sticky":false,"template":"","format":"standard","meta":{"_jetpack_newsletter_access":"","_jetpack_dont_email_post_to_subs":false,"_jetpack_newsletter_tier_id":0,"_jetpack_memberships_contains_paywalled_content":false,"_jetpack_memberships_contains_paid_content":false,"footnotes":""},"categories":[1],"tags":[],"class_list":["post-13451","post","type-post","status-publish","format-standard","has-post-thumbnail","hentry","category-destaque"],"jetpack_sharing_enabled":true,"jetpack_featured_media_url":"","_links":{"self":[{"href":"https:\/\/www.oparanews.com.br\/index.php\/wp-json\/wp\/v2\/posts\/13451","targetHints":{"allow":["GET"]}}],"collection":[{"href":"https:\/\/www.oparanews.com.br\/index.php\/wp-json\/wp\/v2\/posts"}],"about":[{"href":"https:\/\/www.oparanews.com.br\/index.php\/wp-json\/wp\/v2\/types\/post"}],"author":[{"embeddable":true,"href":"https:\/\/www.oparanews.com.br\/index.php\/wp-json\/wp\/v2\/users\/1"}],"replies":[{"embeddable":true,"href":"https:\/\/www.oparanews.com.br\/index.php\/wp-json\/wp\/v2\/comments?post=13451"}],"version-history":[{"count":0,"href":"https:\/\/www.oparanews.com.br\/index.php\/wp-json\/wp\/v2\/posts\/13451\/revisions"}],"wp:attachment":[{"href":"https:\/\/www.oparanews.com.br\/index.php\/wp-json\/wp\/v2\/media?parent=13451"}],"wp:term":[{"taxonomy":"category","embeddable":true,"href":"https:\/\/www.oparanews.com.br\/index.php\/wp-json\/wp\/v2\/categories?post=13451"},{"taxonomy":"post_tag","embeddable":true,"href":"https:\/\/www.oparanews.com.br\/index.php\/wp-json\/wp\/v2\/tags?post=13451"}],"curies":[{"name":"wp","href":"https:\/\/api.w.org\/{rel}","templated":true}]}}