{"id":13454,"date":"2021-03-04T02:05:12","date_gmt":"2021-03-04T02:05:12","guid":{"rendered":"https:\/\/oparanews.com.br\/?p=13454"},"modified":"2021-03-04T02:05:12","modified_gmt":"2021-03-04T02:05:12","slug":"prefeito-ronaldo-lopes-reune-se-com-procurador-geral-do-mp-alagoas","status":"publish","type":"post","link":"https:\/\/www.oparanews.com.br\/index.php\/2021\/03\/04\/prefeito-ronaldo-lopes-reune-se-com-procurador-geral-do-mp-alagoas\/","title":{"rendered":"Prefeito Ronaldo Lopes re\u00fane-se com Procurador Geral do MP\/Alagoas"},"content":{"rendered":"<p>O Prefeito Ronaldo Lopes reuniu-se nesta quarta-feira, 03, com o procurador-geral de Justi\u00e7a, M\u00e1rcio Roberto Ten\u00f3rio de Albuquerque. Em pauta, a doa\u00e7\u00e3o de um terreno para a constru\u00e7\u00e3o da sede pr\u00f3pria do Minist\u00e9rio P\u00fablico de Alagoas (MPAL) em Penedo.<\/p>\n<p>Atualmente, as cinco promotorias de Justi\u00e7a do MP\/Alagoas no munic\u00edpio funcionam em im\u00f3vel localizado na Avenida Ant\u00f4nio Candido Toledo, pr\u00f3ximo do Supermercado Todo Dia.<\/p>\n<p>O encontro realizado na sala de reuni\u00f5es da sede da Prefeitura de Penedo foi acompanhado pelo chefe de gabinete, Alfredo Pereira; o controlador-geral do munic\u00edpio, Gustavo Callado; os procuradores municipais Diego Fonseca e Francisco Sousa Guerra; os promotores das 3\u00aa e 4\u00aa Promotorias de Justi\u00e7a, El\u00e1dio Pacheco Estrela e Sitael Jones Lemos; e o promotor de Justi\u00e7a Humberto Bulh\u00f5es, chefe de gabinete do MP\/AL.<\/p>\n<p>Ronaldo Lopes garantiu o apoio institucional para a instala\u00e7\u00e3o da sede do \u00f3rg\u00e3o ministerial em Penedo, destacando que se trata de mais um avan\u00e7o para a popula\u00e7\u00e3o penedense, benef\u00edcio assegurado pelo procurador-geral de Justi\u00e7a.<\/p>\n<p>\u201cDe antem\u00e3o, j\u00e1 garantimos que este im\u00f3vel vai assegurar um melhor atendimento para a popula\u00e7\u00e3o, uma vez que ela ser\u00e1 recebida num espa\u00e7o mais confort\u00e1vel, c\u00f4modo e de f\u00e1cil acesso\u201d, disse M\u00e1rcio Roberto Ten\u00f3rio de Albuquerque, por meio da assessoria do MP\/Alagoas, sobre o investimento que dever\u00e1 ter in\u00edcio ainda este ano.<\/p>\n<p>&nbsp;<\/p>\n<p><strong>Fonte: Decom PMP com Assessoria MPE\/AL<\/strong><\/p>\n<p>&nbsp;<\/p>\n","protected":false},"excerpt":{"rendered":"<p>O Prefeito Ronaldo Lopes reuniu-se nesta quarta-feira, 03, com o procurador-geral de Justi\u00e7a, M\u00e1rcio Roberto Ten\u00f3rio de Albuquerque. Em pauta, a doa\u00e7\u00e3o de um terreno para a constru\u00e7\u00e3o da sede pr\u00f3pria do Minist\u00e9rio P\u00fablico de Alagoas (MPAL) em Penedo. Atualmente, as cinco promotorias de Justi\u00e7a do MP\/Alagoas no munic\u00edpio funcionam em im\u00f3vel localizado na Avenida &hellip;<\/p>\n","protected":false},"author":1,"featured_media":13455,"comment_status":"closed","ping_status":"closed","sticky":false,"template":"","format":"standard","meta":{"_jetpack_newsletter_access":"","_jetpack_dont_email_post_to_subs":false,"_jetpack_newsletter_tier_id":0,"_jetpack_memberships_contains_paywalled_content":false,"_jetpack_memberships_contains_paid_content":false,"footnotes":""},"categories":[1],"tags":[],"class_list":["post-13454","post","type-post","status-publish","format-standard","has-post-thumbnail","hentry","category-destaque"],"jetpack_sharing_enabled":true,"jetpack_featured_media_url":"","_links":{"self":[{"href":"https:\/\/www.oparanews.com.br\/index.php\/wp-json\/wp\/v2\/posts\/13454","targetHints":{"allow":["GET"]}}],"collection":[{"href":"https:\/\/www.oparanews.com.br\/index.php\/wp-json\/wp\/v2\/posts"}],"about":[{"href":"https:\/\/www.oparanews.com.br\/index.php\/wp-json\/wp\/v2\/types\/post"}],"author":[{"embeddable":true,"href":"https:\/\/www.oparanews.com.br\/index.php\/wp-json\/wp\/v2\/users\/1"}],"replies":[{"embeddable":true,"href":"https:\/\/www.oparanews.com.br\/index.php\/wp-json\/wp\/v2\/comments?post=13454"}],"version-history":[{"count":0,"href":"https:\/\/www.oparanews.com.br\/index.php\/wp-json\/wp\/v2\/posts\/13454\/revisions"}],"wp:attachment":[{"href":"https:\/\/www.oparanews.com.br\/index.php\/wp-json\/wp\/v2\/media?parent=13454"}],"wp:term":[{"taxonomy":"category","embeddable":true,"href":"https:\/\/www.oparanews.com.br\/index.php\/wp-json\/wp\/v2\/categories?post=13454"},{"taxonomy":"post_tag","embeddable":true,"href":"https:\/\/www.oparanews.com.br\/index.php\/wp-json\/wp\/v2\/tags?post=13454"}],"curies":[{"name":"wp","href":"https:\/\/api.w.org\/{rel}","templated":true}]}}