{"id":13457,"date":"2021-03-04T02:09:02","date_gmt":"2021-03-04T02:09:02","guid":{"rendered":"https:\/\/oparanews.com.br\/?p=13457"},"modified":"2021-03-04T02:09:02","modified_gmt":"2021-03-04T02:09:02","slug":"brasil-bate-recorde-de-mortes-por-covid-pelo-2o-dia-seguido","status":"publish","type":"post","link":"https:\/\/www.oparanews.com.br\/index.php\/2021\/03\/04\/brasil-bate-recorde-de-mortes-por-covid-pelo-2o-dia-seguido\/","title":{"rendered":"Brasil bate recorde de mortes por covid pelo 2\u00ba dia seguido"},"content":{"rendered":"<p>O Brasil registrou nesta quarta-feira 1.910 novas mortes em decorr\u00eancia da covid-19, renovando seu recorde de \u00f3bitos em um \u00fanico dia e atingindo um total de 259.271 v\u00edtimas fatais da doen\u00e7a, informou o Minist\u00e9rio da Sa\u00fade.<\/p>\n<p>A marca supera o recorde anterior, registrado na v\u00e9spera, quando foram notificadas 1.641 mortes.<\/p>\n<p>Al\u00e9m disso, tamb\u00e9m foram contabilizados 71.104 novos casos de coronav\u00edrus no pa\u00eds, segunda maior marca desde o in\u00edcio da pandemia. A cifra fica abaixo somente da verificada no \u00faltimo dia 7 de janeiro, quando houve o an\u00fancio de 87.843 infec\u00e7\u00f5es.<\/p>\n<p>Com isso, o total local de pessoas contaminadas pelo v\u00edrus chega a 10.718.630, conforme os dados do minist\u00e9rio.<\/p>\n<p>O Brasil, que enfrenta uma nova onda de contamina\u00e7\u00f5es, mortes e sobrecargas em hospitais, \u00e9 o segundo pa\u00eds com maior n\u00famero de \u00f3bitos por coronav\u00edrus no mundo, atr\u00e1s apenas dos Estados Unidos, e o terceiro em casos, abaixo dos EUA e da \u00cdndia.<\/p>\n<p>Cons\u00f3rcio dos ve\u00edculos de imprensa<\/p>\n<p>A quantidade de mortes pela covid-19 no Brasil nas \u00faltimas 24 horas chegou a 1.840 nesta quarta-feira, 3, novo recorde da pandemia no Pa\u00eds, de acordo com dados reunidos pelo cons\u00f3rcio de ve\u00edculos de imprensa. O n\u00famero p\u00f5e o Brasil perto de assumir a lideran\u00e7a nos registros di\u00e1rios de \u00f3bitos em todo o mundo, s\u00f3 atr\u00e1s dos Estados Unidos, que t\u00eam observado queda na incid\u00eancia da doen\u00e7a nas \u00faltimas semanas.<\/p>\n<p>Os dados do cons\u00f3rcio, composto por Estad\u00e3o, G1, O Globo, Extra, Folha e UOL, s\u00e3o coletados junto \u00e0s secretarias estaduais de sa\u00fade. Nesta quarta-feira, os registros mostraram 367 \u00f3bitos no Estado de S\u00e3o Paulo, 227 em Minas Gerais, 186 no Rio e 179 no Rio Grande do Sul, que lideram as estat\u00edsticas absolutas. No c\u00f4mputo geral, o Pa\u00eds j\u00e1 se aproxima das 260 mil mortes, tendo hoje 259.402 \u00f3bitos confirmados pela doen\u00e7a.<\/p>\n<p>A m\u00e9dia m\u00f3vel de mortes nesta quarta ficou em 1.332, dado que representa uma m\u00e9dia dos \u00faltimos sete dias. Na pr\u00e1tica, isso significa dizer que 9,3 mil pessoas morreram na \u00faltima semana. O Brasil vive o seu pior momento da pandemia com avan\u00e7o nos casos, interna\u00e7\u00f5es e \u00f3bitos pelo novo coronav\u00edrus. Para a Fiocruz, a situa\u00e7\u00e3o \u00e9 &#8220;alarmante&#8221;. Dezoito Estados e o Distrito Federal t\u00eam taxa de ocupa\u00e7\u00e3o de leitos de UTI covid acima dos 80%.<\/p>\n<p>Os dados do cons\u00f3rcio de imprensa mostram que o Pa\u00eds tem um total de 10.722.221 casos confirmados da doen\u00e7a desde o in\u00edcio da pandemia. Nas \u00faltimas 24 horas, a esse total foi somado 74.376 testes positivos.<\/p>\n<p>O balan\u00e7o de \u00f3bitos e casos \u00e9 resultado da parceria entre os seis meios de comunica\u00e7\u00e3o que passaram a trabalhar, desde o dia 8 de junho, de forma colaborativa para reunir as informa\u00e7\u00f5es necess\u00e1rias nos 26 Estados e no Distrito Federal. A iniciativa in\u00e9dita \u00e9 uma resposta \u00e0 decis\u00e3o do governo Bolsonaro de restringir o acesso a dados sobre a pandemia, mas foi mantida ap\u00f3s os registros governamentais continuarem a ser divulgados.<\/p>\n<p>&nbsp;<\/p>\n<p><strong>Com informa\u00e7\u00f5es do Estad\u00e3o Conte\u00fado<\/strong><\/p>\n<p>&nbsp;<\/p>\n","protected":false},"excerpt":{"rendered":"<p>O Brasil registrou nesta quarta-feira 1.910 novas mortes em decorr\u00eancia da covid-19, renovando seu recorde de \u00f3bitos em um \u00fanico dia e atingindo um total de 259.271 v\u00edtimas fatais da doen\u00e7a, informou o Minist\u00e9rio da Sa\u00fade. A marca supera o recorde anterior, registrado na v\u00e9spera, quando foram notificadas 1.641 mortes. Al\u00e9m disso, tamb\u00e9m foram contabilizados &hellip;<\/p>\n","protected":false},"author":1,"featured_media":13458,"comment_status":"closed","ping_status":"closed","sticky":false,"template":"","format":"standard","meta":{"_jetpack_newsletter_access":"","_jetpack_dont_email_post_to_subs":false,"_jetpack_newsletter_tier_id":0,"_jetpack_memberships_contains_paywalled_content":false,"_jetpack_memberships_contains_paid_content":false,"footnotes":""},"categories":[1],"tags":[],"class_list":["post-13457","post","type-post","status-publish","format-standard","has-post-thumbnail","hentry","category-destaque"],"jetpack_sharing_enabled":true,"jetpack_featured_media_url":"","_links":{"self":[{"href":"https:\/\/www.oparanews.com.br\/index.php\/wp-json\/wp\/v2\/posts\/13457","targetHints":{"allow":["GET"]}}],"collection":[{"href":"https:\/\/www.oparanews.com.br\/index.php\/wp-json\/wp\/v2\/posts"}],"about":[{"href":"https:\/\/www.oparanews.com.br\/index.php\/wp-json\/wp\/v2\/types\/post"}],"author":[{"embeddable":true,"href":"https:\/\/www.oparanews.com.br\/index.php\/wp-json\/wp\/v2\/users\/1"}],"replies":[{"embeddable":true,"href":"https:\/\/www.oparanews.com.br\/index.php\/wp-json\/wp\/v2\/comments?post=13457"}],"version-history":[{"count":0,"href":"https:\/\/www.oparanews.com.br\/index.php\/wp-json\/wp\/v2\/posts\/13457\/revisions"}],"wp:attachment":[{"href":"https:\/\/www.oparanews.com.br\/index.php\/wp-json\/wp\/v2\/media?parent=13457"}],"wp:term":[{"taxonomy":"category","embeddable":true,"href":"https:\/\/www.oparanews.com.br\/index.php\/wp-json\/wp\/v2\/categories?post=13457"},{"taxonomy":"post_tag","embeddable":true,"href":"https:\/\/www.oparanews.com.br\/index.php\/wp-json\/wp\/v2\/tags?post=13457"}],"curies":[{"name":"wp","href":"https:\/\/api.w.org\/{rel}","templated":true}]}}