{"id":13463,"date":"2021-03-04T02:12:29","date_gmt":"2021-03-04T02:12:29","guid":{"rendered":"https:\/\/oparanews.com.br\/?p=13463"},"modified":"2021-03-04T02:12:29","modified_gmt":"2021-03-04T02:12:29","slug":"nego-di-briga-e-quebra-contrato-de-exclusividade-com-globo","status":"publish","type":"post","link":"https:\/\/www.oparanews.com.br\/index.php\/2021\/03\/04\/nego-di-briga-e-quebra-contrato-de-exclusividade-com-globo\/","title":{"rendered":"Nego Di &#8216;briga&#8217; e quebra contrato de exclusividade com Globo"},"content":{"rendered":"<p>A vida p\u00f3s-BBB nem sempre \u00e9 f\u00e1cil\u2026 Que dir\u00e1 para Nego Di, eliminado h\u00e1 tr\u00eas semanas do \u201cBig Brother Brasil 21\u201d, e anda quebrando o contrato de exclusividade com a Rede Globo. Ciente da multa que pode chegar a R$ 1,5 milh\u00e3o, o comediante passou a dar entrevistas para outros ve\u00edculos. Em entrevista ao \u201cP\u00e2nico\u201d, ele disse n\u00e3o ter medo da taxa e voltou a criticar a emissora.<\/p>\n<p>\u201cA quebra de contrato \u00e9 1,5 milh\u00e3o, s\u00f3 que eu n\u00e3o tenho nada, ent\u00e3o, est\u00e1 tudo certo. Eles n\u00e3o me deram espa\u00e7o, ent\u00e3o, eu tenho que ir onde as pessoas est\u00e3o me acolhendo para dar meu contraponto\u201d, afirmou ele.<\/p>\n<p>A decis\u00e3o de falar sobre a emissora em outros ve\u00edculos aconteceu quando Nego Di percebeu que o tratamento da Globo perante a Karol Conk\u00e1 e Lucas Penteado foi diferente ao que lhe foi oferecido. \u201cQuando a Karol saiu, o que me intrigou foi o acolhimento que ela teve. E isso me incomodou, porque o sentimento foi de que a fam\u00edlia dela importava mais do que a minha\u201d, disse.<\/p>\n<p>Para ele, a intriga com a Globo come\u00e7ou ap\u00f3s a sa\u00edda da rapper curitibana do reality show e da entrevista que Lucas Penteado deu no \u201cAltas Horas\u201d, na \u00faltimo s\u00e1bado. \u201cMas a\u00ed no \u2018Altas Horas\u2019, o Lucas bateu em mim para caramba e em nenhum momento tocou no nome da Karol. E ela humilhou ele l\u00e1 dentro. D\u00e1 a impress\u00e3o de que eles falaram \u2018do Nego Di voc\u00ea pode falar, mas da Karol n\u00e3o\u2019. O cara ficou batendo em mim como se s\u00f3 eu tivesse errado\u201d, comentou o humorista.<\/p>\n<p>Nego Di tamb\u00e9m criticou a edi\u00e7\u00e3o do programa, afirmando que o reality show n\u00e3o mostrou grande parte da sua trajet\u00f3ria na casa. \u201cAnalisando friamente, vejo que a emissora est\u00e1 tentando se proteger. Se acabar com a carreira dela (Karol), qual outro artista consagrado vai querer entrar no BBB? Eles precisam erguer a imagem dela. Tudo que a Globo est\u00e1 fazendo \u00e9 pela Globo, mas acho que tem uma grana partindo pelo lado da Karol\u201d, disse ele.<\/p>\n<p>&nbsp;<\/p>\n<p><strong>Fonte: Popline<\/strong><\/p>\n<p>&nbsp;<\/p>\n","protected":false},"excerpt":{"rendered":"<p>A vida p\u00f3s-BBB nem sempre \u00e9 f\u00e1cil\u2026 Que dir\u00e1 para Nego Di, eliminado h\u00e1 tr\u00eas semanas do \u201cBig Brother Brasil 21\u201d, e anda quebrando o contrato de exclusividade com a Rede Globo. Ciente da multa que pode chegar a R$ 1,5 milh\u00e3o, o comediante passou a dar entrevistas para outros ve\u00edculos. Em entrevista ao \u201cP\u00e2nico\u201d, &hellip;<\/p>\n","protected":false},"author":1,"featured_media":13464,"comment_status":"closed","ping_status":"closed","sticky":false,"template":"","format":"standard","meta":{"_jetpack_newsletter_access":"","_jetpack_dont_email_post_to_subs":false,"_jetpack_newsletter_tier_id":0,"_jetpack_memberships_contains_paywalled_content":false,"_jetpack_memberships_contains_paid_content":false,"footnotes":""},"categories":[1],"tags":[],"class_list":["post-13463","post","type-post","status-publish","format-standard","has-post-thumbnail","hentry","category-destaque"],"jetpack_sharing_enabled":true,"jetpack_featured_media_url":"","_links":{"self":[{"href":"https:\/\/www.oparanews.com.br\/index.php\/wp-json\/wp\/v2\/posts\/13463","targetHints":{"allow":["GET"]}}],"collection":[{"href":"https:\/\/www.oparanews.com.br\/index.php\/wp-json\/wp\/v2\/posts"}],"about":[{"href":"https:\/\/www.oparanews.com.br\/index.php\/wp-json\/wp\/v2\/types\/post"}],"author":[{"embeddable":true,"href":"https:\/\/www.oparanews.com.br\/index.php\/wp-json\/wp\/v2\/users\/1"}],"replies":[{"embeddable":true,"href":"https:\/\/www.oparanews.com.br\/index.php\/wp-json\/wp\/v2\/comments?post=13463"}],"version-history":[{"count":0,"href":"https:\/\/www.oparanews.com.br\/index.php\/wp-json\/wp\/v2\/posts\/13463\/revisions"}],"wp:attachment":[{"href":"https:\/\/www.oparanews.com.br\/index.php\/wp-json\/wp\/v2\/media?parent=13463"}],"wp:term":[{"taxonomy":"category","embeddable":true,"href":"https:\/\/www.oparanews.com.br\/index.php\/wp-json\/wp\/v2\/categories?post=13463"},{"taxonomy":"post_tag","embeddable":true,"href":"https:\/\/www.oparanews.com.br\/index.php\/wp-json\/wp\/v2\/tags?post=13463"}],"curies":[{"name":"wp","href":"https:\/\/api.w.org\/{rel}","templated":true}]}}